{"id":1013,"date":"2023-02-28T20:50:15","date_gmt":"2023-02-28T20:50:15","guid":{"rendered":"https:\/\/www.asociaciongerminal.org\/liburu\/?p=1013"},"modified":"2023-04-12T07:30:17","modified_gmt":"2023-04-12T07:30:17","slug":"el-dia-de-manana","status":"publish","type":"post","link":"https:\/\/www.asociaciongerminal.org\/liburu\/archivos\/1013","title":{"rendered":"El d\u00eda de ma\u00f1ana"},"content":{"rendered":"<p><img loading=\"lazy\" decoding=\"async\" class=\"alignnone size-full wp-image-1084\" src=\"https:\/\/www.asociaciongerminal.org\/liburu\/wp-content\/uploads\/sites\/3\/2023\/04\/9788432210327.jpg\" width=\"141\" height=\"215\" alt=\"EL DIA DE MA\u00d1ANA | IGNACIO MARTINEZ DE PISON | Casa del Libro\" srcset=\"https:\/\/www.asociaciongerminal.org\/liburu\/wp-content\/uploads\/sites\/3\/2023\/04\/9788432210327.jpg 141w, https:\/\/www.asociaciongerminal.org\/liburu\/wp-content\/uploads\/sites\/3\/2023\/04\/9788432210327-98x150.jpg 98w\" sizes=\"auto, (max-width: 141px) 100vw, 141px\" \/><\/p>\n<p>Autor\u00eda: Ignacio Mart\u00ednez de Pis\u00f3n<\/p>\n<p style=\"text-align: justify;\">\u00abJusto Gil es un emigrante reci\u00e9n instalado en Barcelona, un joven avispado y ambicioso que, llevado por los vaivenes del destino, acaba convirti\u00e9ndose en confidente de la Brigada Social, la polic\u00eda pol\u00edtica del r\u00e9gimen.<\/p>\n<p style=\"text-align: justify;\">Una docena de memorables personajes nos cuentan c\u00f3mo conocieron a Justo en alg\u00fan momento de sus vidas y c\u00f3mo fue su relaci\u00f3n con \u00e9l. Sus testimonios conforman una visi\u00f3n caleidosc\u00f3pica de la cambiante realidad de los a\u00f1os sesenta y setenta, al tiempo que reconstruyen la historia de la degradaci\u00f3n personal de un individuo cuya evoluci\u00f3n y comportamiento ayudan a entender importantes parcelas de ese cap\u00edtulo fundamental de nuestra historia reciente que fue la Transici\u00f3n.<\/p>\n<p style=\"text-align: justify;\">Ignacio Mart\u00ednez de Pis\u00f3n novela ese apasionante per\u00edodo desde dentro, observando, como s\u00f3lo \u00e9l sabe hacerlo, el impacto que la historia colectiva tuvo en la individual, es decir, en la realidad de la gente com\u00fan. Cobra vida en estas p\u00e1ginas la atm\u00f3sfera incierta y fascinante de una \u00e9poca enla que todo parec\u00eda posible.\u00bb (Sinopsis en https:\/\/www.todostuslibros.com)<\/p>\n","protected":false},"excerpt":{"rendered":"<p>Autor\u00eda: Ignacio Mart\u00ednez de Pis\u00f3n \u00abJusto Gil es un emigrante reci\u00e9n instalado en Barcelona, un joven avispado y ambicioso que,<\/p>\n","protected":false},"author":3,"featured_media":1014,"comment_status":"closed","ping_status":"open","sticky":false,"template":"","format":"standard","meta":{"footnotes":"","_links_to":"","_links_to_target":""},"categories":[14],"tags":[27],"class_list":["post-1013","post","type-post","status-publish","format-standard","has-post-thumbnail","hentry","category-literatura","tag-libro"],"publishpress_future_action":{"enabled":false,"date":"2026-06-25 13:52:10","action":"category-remove","newStatus":"draft","terms":[29],"taxonomy":"category","extraData":[]},"publishpress_future_workflow_manual_trigger":{"enabledWorkflows":[]},"_links":{"self":[{"href":"https:\/\/www.asociaciongerminal.org\/liburu\/wp-json\/wp\/v2\/posts\/1013","targetHints":{"allow":["GET"]}}],"collection":[{"href":"https:\/\/www.asociaciongerminal.org\/liburu\/wp-json\/wp\/v2\/posts"}],"about":[{"href":"https:\/\/www.asociaciongerminal.org\/liburu\/wp-json\/wp\/v2\/types\/post"}],"author":[{"embeddable":true,"href":"https:\/\/www.asociaciongerminal.org\/liburu\/wp-json\/wp\/v2\/users\/3"}],"replies":[{"embeddable":true,"href":"https:\/\/www.asociaciongerminal.org\/liburu\/wp-json\/wp\/v2\/comments?post=1013"}],"version-history":[{"count":2,"href":"https:\/\/www.asociaciongerminal.org\/liburu\/wp-json\/wp\/v2\/posts\/1013\/revisions"}],"predecessor-version":[{"id":1085,"href":"https:\/\/www.asociaciongerminal.org\/liburu\/wp-json\/wp\/v2\/posts\/1013\/revisions\/1085"}],"wp:featuredmedia":[{"embeddable":true,"href":"https:\/\/www.asociaciongerminal.org\/liburu\/wp-json\/wp\/v2\/media\/1014"}],"wp:attachment":[{"href":"https:\/\/www.asociaciongerminal.org\/liburu\/wp-json\/wp\/v2\/media?parent=1013"}],"wp:term":[{"taxonomy":"category","embeddable":true,"href":"https:\/\/www.asociaciongerminal.org\/liburu\/wp-json\/wp\/v2\/categories?post=1013"},{"taxonomy":"post_tag","embeddable":true,"href":"https:\/\/www.asociaciongerminal.org\/liburu\/wp-json\/wp\/v2\/tags?post=1013"}],"curies":[{"name":"wp","href":"https:\/\/api.w.org\/{rel}","templated":true}]}}