{"id":103,"date":"2023-01-22T10:33:14","date_gmt":"2023-01-22T10:33:14","guid":{"rendered":"https:\/\/www.asociaciongerminal.org\/liburu\/?p=103"},"modified":"2023-04-21T16:00:26","modified_gmt":"2023-04-21T16:00:26","slug":"historia-negra-de-una-crisis-libertaria","status":"publish","type":"post","link":"https:\/\/www.asociaciongerminal.org\/liburu\/archivos\/103","title":{"rendered":"Historia negra de una crisis libertaria"},"content":{"rendered":"<p>Autor\u00eda: Ram\u00f3n \u00c1lvarez<\/p>\n<p><img loading=\"lazy\" decoding=\"async\" class=\"alignnone size-full wp-image-1680\" src=\"https:\/\/www.asociaciongerminal.org\/liburu\/wp-content\/uploads\/sites\/3\/2023\/04\/alvarez-r.-historia-negra-de-una-crisis-libertaria-1.jpg\" width=\"136\" height=\"215\" alt=\"Biblioteca Anarquista La Revoltosa | bibliotecalarevoltosa@gmail.com | P\u00e1gina 3\" srcset=\"https:\/\/www.asociaciongerminal.org\/liburu\/wp-content\/uploads\/sites\/3\/2023\/04\/alvarez-r.-historia-negra-de-una-crisis-libertaria-1.jpg 136w, https:\/\/www.asociaciongerminal.org\/liburu\/wp-content\/uploads\/sites\/3\/2023\/04\/alvarez-r.-historia-negra-de-una-crisis-libertaria-1-95x150.jpg 95w\" sizes=\"auto, (max-width: 136px) 100vw, 136px\" \/><\/p>\n<p style=\"text-align: justify;\">El devenir del siglo XX trajo el predominio de las ideas marxistas dentro del movimiento obrero y el anquilosamiento del anarquismo en una cierta esclerosis ideol\u00f3gica. De ah\u00ed que en el presente convivan y coexistan entre s\u00ed, en diferentes grupos, no solo todos los posibles anarquismos, sino \u00abanarquismos\u00bb que no lo son, pues son simples variaciones del liberalismo radical burgu\u00e9s.<br \/>\nLuigi Fabbri: Influencias burguesas en el anarquismo Rescatamos \u00e9ste libro de \u00abRamon\u00edn\u00bb con la intenci\u00f3n bien clara de que sirva de conocimiento y denuncia de \u00ablo que no debe ser\u00bb el anarcosindicalismo.<br \/>\nRam\u00f3n \u00c1lvarez compone con este texto un \u00abYo acuso\u00bb estremecedor, a la manera de Zola, contra los \u00abrevolucionarios de sal\u00f3n\u00bb que tan nefasta influencia han tenido sobre el anarcosindicalismo, y a\u00fan siguen teniendo.<\/p>\n","protected":false},"excerpt":{"rendered":"<p>Autor\u00eda: Ram\u00f3n \u00c1lvarez El devenir del siglo XX trajo el predominio de las ideas marxistas dentro del movimiento obrero y<\/p>\n","protected":false},"author":3,"featured_media":104,"comment_status":"closed","ping_status":"open","sticky":false,"template":"","format":"standard","meta":{"footnotes":"","_links_to":"","_links_to_target":""},"categories":[12],"tags":[27],"class_list":["post-103","post","type-post","status-publish","format-standard","has-post-thumbnail","hentry","category-historia","tag-libro"],"publishpress_future_action":{"enabled":false,"date":"2026-06-23 08:52:49","action":"category-remove","newStatus":"draft","terms":[29],"taxonomy":"category","extraData":[]},"publishpress_future_workflow_manual_trigger":{"enabledWorkflows":[]},"_links":{"self":[{"href":"https:\/\/www.asociaciongerminal.org\/liburu\/wp-json\/wp\/v2\/posts\/103","targetHints":{"allow":["GET"]}}],"collection":[{"href":"https:\/\/www.asociaciongerminal.org\/liburu\/wp-json\/wp\/v2\/posts"}],"about":[{"href":"https:\/\/www.asociaciongerminal.org\/liburu\/wp-json\/wp\/v2\/types\/post"}],"author":[{"embeddable":true,"href":"https:\/\/www.asociaciongerminal.org\/liburu\/wp-json\/wp\/v2\/users\/3"}],"replies":[{"embeddable":true,"href":"https:\/\/www.asociaciongerminal.org\/liburu\/wp-json\/wp\/v2\/comments?post=103"}],"version-history":[{"count":3,"href":"https:\/\/www.asociaciongerminal.org\/liburu\/wp-json\/wp\/v2\/posts\/103\/revisions"}],"predecessor-version":[{"id":1681,"href":"https:\/\/www.asociaciongerminal.org\/liburu\/wp-json\/wp\/v2\/posts\/103\/revisions\/1681"}],"wp:featuredmedia":[{"embeddable":true,"href":"https:\/\/www.asociaciongerminal.org\/liburu\/wp-json\/wp\/v2\/media\/104"}],"wp:attachment":[{"href":"https:\/\/www.asociaciongerminal.org\/liburu\/wp-json\/wp\/v2\/media?parent=103"}],"wp:term":[{"taxonomy":"category","embeddable":true,"href":"https:\/\/www.asociaciongerminal.org\/liburu\/wp-json\/wp\/v2\/categories?post=103"},{"taxonomy":"post_tag","embeddable":true,"href":"https:\/\/www.asociaciongerminal.org\/liburu\/wp-json\/wp\/v2\/tags?post=103"}],"curies":[{"name":"wp","href":"https:\/\/api.w.org\/{rel}","templated":true}]}}