{"id":344,"date":"2023-01-22T19:39:17","date_gmt":"2023-01-22T19:39:17","guid":{"rendered":"https:\/\/www.asociaciongerminal.org\/liburu\/?p=344"},"modified":"2023-04-21T08:11:49","modified_gmt":"2023-04-21T08:11:49","slug":"lasmultinacionales-en-el-siglo-xxi-impactos-multiples-el-caso-de-iberdrola-en-mexico-y-en-brasil","status":"publish","type":"post","link":"https:\/\/www.asociaciongerminal.org\/liburu\/archivos\/344","title":{"rendered":"Las multinacionales en el siglo XXI: Impactos m\u00faltiples &#8211; El caso de Iberdrola en M\u00e9xico y en Brasil"},"content":{"rendered":"<p>Autor\u00eda: Luis Miguel Uharte Pozas<\/p>\n<p><img loading=\"lazy\" decoding=\"async\" class=\"alignnone size-full wp-image-1569\" src=\"https:\/\/www.asociaciongerminal.org\/liburu\/wp-content\/uploads\/sites\/3\/2023\/04\/imagen_2023-01-22_203829836-1.png\" width=\"141\" height=\"215\" alt=\"\" srcset=\"https:\/\/www.asociaciongerminal.org\/liburu\/wp-content\/uploads\/sites\/3\/2023\/04\/imagen_2023-01-22_203829836-1.png 141w, https:\/\/www.asociaciongerminal.org\/liburu\/wp-content\/uploads\/sites\/3\/2023\/04\/imagen_2023-01-22_203829836-1-98x150.png 98w\" sizes=\"auto, (max-width: 141px) 100vw, 141px\" \/><\/p>\n<p style=\"text-align: justify;\">\u00abEl creciente poder e influencia de las empresas multinacionales en un mundo cada vez m\u00e1s globalizado conlleva importantes implicaciones para el desarrollo de los pueblos.<\/p>\n<p style=\"text-align: justify;\">El presente texto, resultado de un largo y riguroso proceso de investigaci\u00f3n, es una nueva aportaci\u00f3n a esta realidad a partir de una mirada cr\u00edtica y comprometida con los derechos humanos, centrada en el an\u00e1lisis de los impactos que las pr\u00e1cticas sistem\u00e1ticas de las empresas transnacionales tienen en las poblaciones y los ecosistemas de los pa\u00edses en los que operan.<\/p>\n<p style=\"text-align: justify;\">Para abordar este an\u00e1lisis el texto se centra, a partir de dos estudios de caso en M\u00e9xico y en Brasil, en los impactos que la empresa Iberdrola genera a trav\u00e9s de su acci\u00f3n en dimensiones tan relevantes para el desarrollo y los derechos humanos como la econ\u00f3mica, la pol\u00edtica, la ambiental, la social y la cultural. El autor, a partir de una profusi\u00f3n de argumentos fundamentados en testimonios y datos, evidencia algunas de las consecuencias negativas que tienen las acciones de esta compa\u00f1\u00eda transnacional de origen vasco, que pretende ofrecer una imagen de empresa socialmente responsable y \u00abverde\u00bb que no se corresponde con la realidad.\u00bb<\/p>\n<p>(Sinopsis en www.2015ymas.org)<\/p>\n","protected":false},"excerpt":{"rendered":"<p>Autor\u00eda: Luis Miguel Uharte Pozas \u00abEl creciente poder e influencia de las empresas multinacionales en un mundo cada vez m\u00e1s<\/p>\n","protected":false},"author":3,"featured_media":346,"comment_status":"closed","ping_status":"open","sticky":false,"template":"","format":"standard","meta":{"footnotes":"","_links_to":"","_links_to_target":""},"categories":[25],"tags":[27],"class_list":["post-344","post","type-post","status-publish","format-standard","has-post-thumbnail","hentry","category-sociologia","tag-libro"],"publishpress_future_action":{"enabled":false,"date":"2026-06-23 06:51:32","action":"category-remove","newStatus":"draft","terms":[29],"taxonomy":"category","extraData":[]},"publishpress_future_workflow_manual_trigger":{"enabledWorkflows":[]},"_links":{"self":[{"href":"https:\/\/www.asociaciongerminal.org\/liburu\/wp-json\/wp\/v2\/posts\/344","targetHints":{"allow":["GET"]}}],"collection":[{"href":"https:\/\/www.asociaciongerminal.org\/liburu\/wp-json\/wp\/v2\/posts"}],"about":[{"href":"https:\/\/www.asociaciongerminal.org\/liburu\/wp-json\/wp\/v2\/types\/post"}],"author":[{"embeddable":true,"href":"https:\/\/www.asociaciongerminal.org\/liburu\/wp-json\/wp\/v2\/users\/3"}],"replies":[{"embeddable":true,"href":"https:\/\/www.asociaciongerminal.org\/liburu\/wp-json\/wp\/v2\/comments?post=344"}],"version-history":[{"count":3,"href":"https:\/\/www.asociaciongerminal.org\/liburu\/wp-json\/wp\/v2\/posts\/344\/revisions"}],"predecessor-version":[{"id":1570,"href":"https:\/\/www.asociaciongerminal.org\/liburu\/wp-json\/wp\/v2\/posts\/344\/revisions\/1570"}],"wp:featuredmedia":[{"embeddable":true,"href":"https:\/\/www.asociaciongerminal.org\/liburu\/wp-json\/wp\/v2\/media\/346"}],"wp:attachment":[{"href":"https:\/\/www.asociaciongerminal.org\/liburu\/wp-json\/wp\/v2\/media?parent=344"}],"wp:term":[{"taxonomy":"category","embeddable":true,"href":"https:\/\/www.asociaciongerminal.org\/liburu\/wp-json\/wp\/v2\/categories?post=344"},{"taxonomy":"post_tag","embeddable":true,"href":"https:\/\/www.asociaciongerminal.org\/liburu\/wp-json\/wp\/v2\/tags?post=344"}],"curies":[{"name":"wp","href":"https:\/\/api.w.org\/{rel}","templated":true}]}}