{"id":354,"date":"2023-01-22T19:41:48","date_gmt":"2023-01-22T19:41:48","guid":{"rendered":"https:\/\/www.asociaciongerminal.org\/liburu\/?p=354"},"modified":"2023-04-21T08:05:40","modified_gmt":"2023-04-21T08:05:40","slug":"los-anarquistas-espanoles-los-anos-heroicos-1868-1936","status":"publish","type":"post","link":"https:\/\/www.asociaciongerminal.org\/liburu\/archivos\/354","title":{"rendered":"Los anarquistas espa\u00f1oles &#8211; Los a\u00f1os heroicos 1868-1936"},"content":{"rendered":"<p>Autor\u00eda: Murray Bookchin<\/p>\n<p><img loading=\"lazy\" decoding=\"async\" class=\"alignnone size-full wp-image-1564\" src=\"https:\/\/www.asociaciongerminal.org\/liburu\/wp-content\/uploads\/sites\/3\/2023\/04\/md30553484332.jpg\" width=\"135\" height=\"215\" alt=\"bookchin murray - anarquistas espa\u00f1oles a\u00f1os heroicos - AbeBooks\" srcset=\"https:\/\/www.asociaciongerminal.org\/liburu\/wp-content\/uploads\/sites\/3\/2023\/04\/md30553484332.jpg 135w, https:\/\/www.asociaciongerminal.org\/liburu\/wp-content\/uploads\/sites\/3\/2023\/04\/md30553484332-94x150.jpg 94w\" sizes=\"auto, (max-width: 135px) 100vw, 135px\" \/><\/p>\n<p style=\"text-align: justify;\">\u00ab\u00abPocas im\u00e1genes de una sociedad libre han sido tan groseramente tergiversadas como las del anarquismo\u00bb -dice Bookchin en el primer cap\u00edtulo de este ensayo en el que pretende dar a conocer de forma amena la filosof\u00eda y la historia \u00e1cratas a un p\u00fablico americano que no conoce la idiosincrasia espa\u00f1ola. El autor explica y aclara las razones de la difusi\u00f3n y aceptaci\u00f3n de la Idea entre el proletariado espa\u00f1ol con la llegada de Fanelli, el italiano amigo de Bakunin, en 1868 a la Pen\u00ednsula. Lejos de las f\u00e9rreas doctrinas marxistas claramente definidas como ideolog\u00eda para el cambio social, el anarquismo es un movimiento opuesto a toda jerarqu\u00eda, injusticia u opresi\u00f3n, dif\u00edcil de delimitar dentro de un credo determinado, y como tal, de alguna manera, se puede apreciar a lo largo de la historia humana.\u00bb<\/p>\n<p>(Sinopsis en www.portaloaca.com)<\/p>\n","protected":false},"excerpt":{"rendered":"<p>Autor\u00eda: Murray Bookchin \u00ab\u00abPocas im\u00e1genes de una sociedad libre han sido tan groseramente tergiversadas como las del anarquismo\u00bb -dice Bookchin<\/p>\n","protected":false},"author":3,"featured_media":355,"comment_status":"closed","ping_status":"open","sticky":false,"template":"","format":"standard","meta":{"footnotes":"","_links_to":"","_links_to_target":""},"categories":[12],"tags":[27],"class_list":["post-354","post","type-post","status-publish","format-standard","has-post-thumbnail","hentry","category-historia","tag-libro"],"publishpress_future_action":{"enabled":false,"date":"2026-06-23 05:26:29","action":"category-remove","newStatus":"draft","terms":[29],"taxonomy":"category","extraData":[]},"publishpress_future_workflow_manual_trigger":{"enabledWorkflows":[]},"_links":{"self":[{"href":"https:\/\/www.asociaciongerminal.org\/liburu\/wp-json\/wp\/v2\/posts\/354","targetHints":{"allow":["GET"]}}],"collection":[{"href":"https:\/\/www.asociaciongerminal.org\/liburu\/wp-json\/wp\/v2\/posts"}],"about":[{"href":"https:\/\/www.asociaciongerminal.org\/liburu\/wp-json\/wp\/v2\/types\/post"}],"author":[{"embeddable":true,"href":"https:\/\/www.asociaciongerminal.org\/liburu\/wp-json\/wp\/v2\/users\/3"}],"replies":[{"embeddable":true,"href":"https:\/\/www.asociaciongerminal.org\/liburu\/wp-json\/wp\/v2\/comments?post=354"}],"version-history":[{"count":2,"href":"https:\/\/www.asociaciongerminal.org\/liburu\/wp-json\/wp\/v2\/posts\/354\/revisions"}],"predecessor-version":[{"id":1565,"href":"https:\/\/www.asociaciongerminal.org\/liburu\/wp-json\/wp\/v2\/posts\/354\/revisions\/1565"}],"wp:featuredmedia":[{"embeddable":true,"href":"https:\/\/www.asociaciongerminal.org\/liburu\/wp-json\/wp\/v2\/media\/355"}],"wp:attachment":[{"href":"https:\/\/www.asociaciongerminal.org\/liburu\/wp-json\/wp\/v2\/media?parent=354"}],"wp:term":[{"taxonomy":"category","embeddable":true,"href":"https:\/\/www.asociaciongerminal.org\/liburu\/wp-json\/wp\/v2\/categories?post=354"},{"taxonomy":"post_tag","embeddable":true,"href":"https:\/\/www.asociaciongerminal.org\/liburu\/wp-json\/wp\/v2\/tags?post=354"}],"curies":[{"name":"wp","href":"https:\/\/api.w.org\/{rel}","templated":true}]}}