{"id":357,"date":"2023-01-22T19:42:24","date_gmt":"2023-01-22T19:42:24","guid":{"rendered":"https:\/\/www.asociaciongerminal.org\/liburu\/?p=357"},"modified":"2023-04-21T08:04:25","modified_gmt":"2023-04-21T08:04:25","slug":"los-anarquistas-espanoles-y-el-poder","status":"publish","type":"post","link":"https:\/\/www.asociaciongerminal.org\/liburu\/archivos\/357","title":{"rendered":"Los anarquistas espa\u00f1oles y el poder"},"content":{"rendered":"<p>Autor\u00eda: C\u00e9sar M. Lorenzo<\/p>\n<p><img loading=\"lazy\" decoding=\"async\" class=\"alignnone size-full wp-image-1562\" src=\"https:\/\/www.asociaciongerminal.org\/liburu\/wp-content\/uploads\/sites\/3\/2023\/04\/631973-1.png\" width=\"181\" height=\"279\" alt=\"\" srcset=\"https:\/\/www.asociaciongerminal.org\/liburu\/wp-content\/uploads\/sites\/3\/2023\/04\/631973-1.png 181w, https:\/\/www.asociaciongerminal.org\/liburu\/wp-content\/uploads\/sites\/3\/2023\/04\/631973-1-97x150.png 97w\" sizes=\"auto, (max-width: 181px) 100vw, 181px\" \/><\/p>\n<p style=\"text-align: justify;\">\u00abLa caracter\u00edstica m\u00e1s original de la historia de la Espa\u00f1a contempor\u00e1nea quiz\u00e1 resida en el extraordinario desarrollo del anarcosindicalismo, desde los principios de su difusi\u00f3n, en 1868, hasta finales de la guerra civil en 1939. Es un largo proceso de setenta a\u00f1os, en los que el sindicalismo libertario estuvo a punto de perecer varias veces, renaciendo de nuevo a la lucha revolucionaria.<\/p>\n<p style=\"text-align: justify;\">Dentro de las dificultades del problema, la ideolog\u00eda anarquista podr\u00eda resumirse -siguiendo al autor- en algunos puntos fundamentales: el rechazo del Estado en consonancia con las ideas de Bakunin, la cr\u00edtica del marxismo, el apoliticismo revolucionario y la visi\u00f3n ut\u00f3pica de un mundo nuevo.<\/p>\n<p style=\"text-align: justify;\">Mejor que largas divagaciones te\u00f3ricas, los siguientes p\u00e1rrafos, en boca de dirigentes de la CNT, salidos directamente de la Primera Internacional, nos adentran en la filosof\u00eda literaria [sic]:<\/p>\n<p style=\"text-align: justify;\">\u00ab\u00a1Campesino, toma la tierra; toma la f\u00e1brica, obrero! No esperes nada de un \u00ablibertador\u00bb, tirano en potencia, ni de un partido dirigente, estercolero para seudosabios, demagogos y j\u00f3venes ambiciosos&#8230; Los trabajadores anarcosindicalistas se templan en las huelgas generales, se liberan por la acci\u00f3n directa violenta (sabotaje, guerrilla, insurrecci\u00f3n) o no violenta; por la propaganda por el hecho, que puede ser tambi\u00e9n destructiva (atentados, expropiaciones)&#8230;\u00bb\u00bb<\/p>\n<p>(Sinopsis en www.ruedoiberico.org)<\/p>\n","protected":false},"excerpt":{"rendered":"<p>Autor\u00eda: C\u00e9sar M. Lorenzo \u00abLa caracter\u00edstica m\u00e1s original de la historia de la Espa\u00f1a contempor\u00e1nea quiz\u00e1 resida en el extraordinario<\/p>\n","protected":false},"author":3,"featured_media":378,"comment_status":"closed","ping_status":"open","sticky":false,"template":"","format":"standard","meta":{"footnotes":"","_links_to":"","_links_to_target":""},"categories":[12],"tags":[27],"class_list":["post-357","post","type-post","status-publish","format-standard","has-post-thumbnail","hentry","category-historia","tag-libro"],"publishpress_future_action":{"enabled":false,"date":"2026-06-23 05:26:30","action":"category-remove","newStatus":"draft","terms":[29],"taxonomy":"category","extraData":[]},"publishpress_future_workflow_manual_trigger":{"enabledWorkflows":[]},"_links":{"self":[{"href":"https:\/\/www.asociaciongerminal.org\/liburu\/wp-json\/wp\/v2\/posts\/357","targetHints":{"allow":["GET"]}}],"collection":[{"href":"https:\/\/www.asociaciongerminal.org\/liburu\/wp-json\/wp\/v2\/posts"}],"about":[{"href":"https:\/\/www.asociaciongerminal.org\/liburu\/wp-json\/wp\/v2\/types\/post"}],"author":[{"embeddable":true,"href":"https:\/\/www.asociaciongerminal.org\/liburu\/wp-json\/wp\/v2\/users\/3"}],"replies":[{"embeddable":true,"href":"https:\/\/www.asociaciongerminal.org\/liburu\/wp-json\/wp\/v2\/comments?post=357"}],"version-history":[{"count":4,"href":"https:\/\/www.asociaciongerminal.org\/liburu\/wp-json\/wp\/v2\/posts\/357\/revisions"}],"predecessor-version":[{"id":1563,"href":"https:\/\/www.asociaciongerminal.org\/liburu\/wp-json\/wp\/v2\/posts\/357\/revisions\/1563"}],"wp:featuredmedia":[{"embeddable":true,"href":"https:\/\/www.asociaciongerminal.org\/liburu\/wp-json\/wp\/v2\/media\/378"}],"wp:attachment":[{"href":"https:\/\/www.asociaciongerminal.org\/liburu\/wp-json\/wp\/v2\/media?parent=357"}],"wp:term":[{"taxonomy":"category","embeddable":true,"href":"https:\/\/www.asociaciongerminal.org\/liburu\/wp-json\/wp\/v2\/categories?post=357"},{"taxonomy":"post_tag","embeddable":true,"href":"https:\/\/www.asociaciongerminal.org\/liburu\/wp-json\/wp\/v2\/tags?post=357"}],"curies":[{"name":"wp","href":"https:\/\/api.w.org\/{rel}","templated":true}]}}