{"id":364,"date":"2023-01-22T19:45:16","date_gmt":"2023-01-22T19:45:16","guid":{"rendered":"https:\/\/www.asociaciongerminal.org\/liburu\/?p=364"},"modified":"2023-04-21T07:59:34","modified_gmt":"2023-04-21T07:59:34","slug":"los-peces-de-la-amargura","status":"publish","type":"post","link":"https:\/\/www.asociaciongerminal.org\/liburu\/archivos\/364","title":{"rendered":"Los peces de la amargura"},"content":{"rendered":"<p>Autor\u00eda: Fernando Aramburu<\/p>\n<p><img loading=\"lazy\" decoding=\"async\" class=\"alignnone size-full wp-image-1557\" src=\"https:\/\/www.asociaciongerminal.org\/liburu\/wp-content\/uploads\/sites\/3\/2023\/04\/9788483103456.jpg\" width=\"143\" height=\"215\" alt=\"LOS PECES DE LA AMARGURA | FERNANDO ARAMBURU | Casa del Libro\" srcset=\"https:\/\/www.asociaciongerminal.org\/liburu\/wp-content\/uploads\/sites\/3\/2023\/04\/9788483103456.jpg 143w, https:\/\/www.asociaciongerminal.org\/liburu\/wp-content\/uploads\/sites\/3\/2023\/04\/9788483103456-100x150.jpg 100w\" sizes=\"auto, (max-width: 143px) 100vw, 143px\" \/><\/p>\n<p style=\"text-align: justify;\">\u00abEs dif\u00edcil empezar a leer las historias en principio modestas, de una enga\u00f1osa sencillez de Los peces de la amargura, y no sentirse conmovido, sacudido \u2013a veces, indignado\u2013 por la verdad humana de que est\u00e1n hechas, una materia extremadamente dolorosa para tantas y tantas v\u00edctimas del crimen basado en la excusa pol\u00edtica, pero que s\u00f3lo un narrador excepcional como Aramburu logra contar de manera ver\u00eddica y cre\u00edble. Un padre se aferra a sus rutinas y aficiones, como cuidar los peces, para sobrellevar el trastorno de una hija hospitalizada e inv\u00e1lida; un matrimonio, fastidiado por el hostigamiento de los fan\u00e1ticos contra un vecino, esperan y desean que \u00e9ste se vaya de una vez; un joven recuerda a su compa\u00f1ero de juegos, que luego lo ser\u00e1 de atentados; una mujer resiste cuanto puede los asedios y amenazas antes que marcharse&#8230; A manera de cr\u00f3nicas o reportajes, de testimonios en primera persona, de cartas o relatos contados a los hijos, Los peces de la amargura recoge fragmentos de vidas en las que sin dramatismo aparente, de manera indirecta o inesperada \u2013es decir eficaz\u2013, asoma la emoci\u00f3n y, con ella, la denuncia y el homenaje.\u00bb<\/p>\n<p>(Sinopsis en www.todostuslibros.com)<\/p>\n","protected":false},"excerpt":{"rendered":"<p>Autor\u00eda: Fernando Aramburu \u00abEs dif\u00edcil empezar a leer las historias en principio modestas, de una enga\u00f1osa sencillez de Los peces<\/p>\n","protected":false},"author":3,"featured_media":365,"comment_status":"closed","ping_status":"open","sticky":false,"template":"","format":"standard","meta":{"footnotes":"","_links_to":"","_links_to_target":""},"categories":[14],"tags":[27],"class_list":["post-364","post","type-post","status-publish","format-standard","has-post-thumbnail","hentry","category-literatura","tag-libro"],"publishpress_future_action":{"enabled":false,"date":"2026-06-23 05:23:04","action":"category-remove","newStatus":"draft","terms":[29],"taxonomy":"category","extraData":[]},"publishpress_future_workflow_manual_trigger":{"enabledWorkflows":[]},"_links":{"self":[{"href":"https:\/\/www.asociaciongerminal.org\/liburu\/wp-json\/wp\/v2\/posts\/364","targetHints":{"allow":["GET"]}}],"collection":[{"href":"https:\/\/www.asociaciongerminal.org\/liburu\/wp-json\/wp\/v2\/posts"}],"about":[{"href":"https:\/\/www.asociaciongerminal.org\/liburu\/wp-json\/wp\/v2\/types\/post"}],"author":[{"embeddable":true,"href":"https:\/\/www.asociaciongerminal.org\/liburu\/wp-json\/wp\/v2\/users\/3"}],"replies":[{"embeddable":true,"href":"https:\/\/www.asociaciongerminal.org\/liburu\/wp-json\/wp\/v2\/comments?post=364"}],"version-history":[{"count":2,"href":"https:\/\/www.asociaciongerminal.org\/liburu\/wp-json\/wp\/v2\/posts\/364\/revisions"}],"predecessor-version":[{"id":1558,"href":"https:\/\/www.asociaciongerminal.org\/liburu\/wp-json\/wp\/v2\/posts\/364\/revisions\/1558"}],"wp:featuredmedia":[{"embeddable":true,"href":"https:\/\/www.asociaciongerminal.org\/liburu\/wp-json\/wp\/v2\/media\/365"}],"wp:attachment":[{"href":"https:\/\/www.asociaciongerminal.org\/liburu\/wp-json\/wp\/v2\/media?parent=364"}],"wp:term":[{"taxonomy":"category","embeddable":true,"href":"https:\/\/www.asociaciongerminal.org\/liburu\/wp-json\/wp\/v2\/categories?post=364"},{"taxonomy":"post_tag","embeddable":true,"href":"https:\/\/www.asociaciongerminal.org\/liburu\/wp-json\/wp\/v2\/tags?post=364"}],"curies":[{"name":"wp","href":"https:\/\/api.w.org\/{rel}","templated":true}]}}