{"id":596,"date":"2023-02-08T16:07:27","date_gmt":"2023-02-08T16:07:27","guid":{"rendered":"https:\/\/www.asociaciongerminal.org\/liburu\/?p=596"},"modified":"2023-04-20T07:12:42","modified_gmt":"2023-04-20T07:12:42","slug":"viajar-perdiendo-el-sur-critica-del-turismo-de-masas-en-la-globalizacion","status":"publish","type":"post","link":"https:\/\/www.asociaciongerminal.org\/liburu\/archivos\/596","title":{"rendered":"Viajar perdiendo el sur &#8211; Cr\u00edtica del turismo de masas en la globalizaci\u00f3n"},"content":{"rendered":"<p>Autor\u00eda: Rodrigo Fern\u00e1ndez Miranda<\/p>\n<p><img loading=\"lazy\" decoding=\"async\" class=\"alignnone size-full wp-image-1402\" src=\"https:\/\/www.asociaciongerminal.org\/liburu\/wp-content\/uploads\/sites\/3\/2023\/04\/viajar.jpeg\" width=\"145\" height=\"215\" alt=\"VIAJAR PERDIENDO EL SUR | CR\u00cdTICA DEL TURISMO DE MASAS EN LA GLOBALIZACI\u00d3N Traficantes de Sue\u00f1os\" srcset=\"https:\/\/www.asociaciongerminal.org\/liburu\/wp-content\/uploads\/sites\/3\/2023\/04\/viajar.jpeg 145w, https:\/\/www.asociaciongerminal.org\/liburu\/wp-content\/uploads\/sites\/3\/2023\/04\/viajar-101x150.jpeg 101w\" sizes=\"auto, (max-width: 145px) 100vw, 145px\" \/><\/p>\n<p style=\"text-align: justify;\">\u00abEste es un libro para entender, de verdad, por qu\u00e9 es tan importante fijarse en el turismo si queremos cuidar nuestro mundo. En medio de las inmediateces de la vida cotidiana, es f\u00e1cil dejarse confundir por los reclamos interesados en hacernos c\u00f3mplices de un movimiento natural y lineal de progreso orientado al goce individual sin otros l\u00edmites que la voluntad de libertad y de superaci\u00f3n constante de nuevas metas. La promesa de liberaci\u00f3n individual del turismo es, precisamente, el exponente quiz\u00e1s m\u00e1s refinado y perfecto del poder de seducci\u00f3n de la maquinaria de publicidad en que se basa el industrialismo capitalista. Pocos mensajes merecen una aprobaci\u00f3n social tan masiva independientemente de las formas de vida, la posici\u00f3n social o las creencias individuales como el de la bondad de visitar nuevos destinos o, como m\u00ednimo, el inalienable nuevo derecho humano a desconectar de la fatiga y el estr\u00e9s del d\u00eda a d\u00eda lo m\u00e1s lejos posible de all\u00ed donde vivimos y nos ganamos el pan. Pareciera como si el turismo constituyera un aut\u00e9ntico oasis de paz, libertad y crecimiento personal al margen de la vor\u00e1gine de un mundo afectado por incertidumbres y urgencias cada vez m\u00e1s extremas, desde el agigantamiento del foso econ\u00f3mico entre el Norte y el Sur hasta el cambio clim\u00e1tico [&#8230;] No cabe a\u00f1adir nada m\u00e1s sino animarles a leer y reflexionar a partir de este libro necesario sobre la urgencia de incorporar a la agenda de las propuestas de emancipaci\u00f3n y solidaridad Norte \u0096 Sur a un turismo internacional dominado por corporaciones transnacionales a quienes no importamos ni ustedes ni nosotros, ni las comunidades ni el Planeta.\u00bb<\/p>\n<p>(Sinopsis en www.todostuslibros.com)<\/p>\n","protected":false},"excerpt":{"rendered":"<p>Autor\u00eda: Rodrigo Fern\u00e1ndez Miranda \u00abEste es un libro para entender, de verdad, por qu\u00e9 es tan importante fijarse en el<\/p>\n","protected":false},"author":3,"featured_media":597,"comment_status":"closed","ping_status":"open","sticky":false,"template":"","format":"standard","meta":{"footnotes":"","_links_to":"","_links_to_target":""},"categories":[25],"tags":[27],"class_list":["post-596","post","type-post","status-publish","format-standard","has-post-thumbnail","hentry","category-sociologia","tag-libro"],"publishpress_future_action":{"enabled":false,"date":"2026-06-23 01:47:01","action":"category-remove","newStatus":"draft","terms":[29],"taxonomy":"category","extraData":[]},"publishpress_future_workflow_manual_trigger":{"enabledWorkflows":[]},"_links":{"self":[{"href":"https:\/\/www.asociaciongerminal.org\/liburu\/wp-json\/wp\/v2\/posts\/596","targetHints":{"allow":["GET"]}}],"collection":[{"href":"https:\/\/www.asociaciongerminal.org\/liburu\/wp-json\/wp\/v2\/posts"}],"about":[{"href":"https:\/\/www.asociaciongerminal.org\/liburu\/wp-json\/wp\/v2\/types\/post"}],"author":[{"embeddable":true,"href":"https:\/\/www.asociaciongerminal.org\/liburu\/wp-json\/wp\/v2\/users\/3"}],"replies":[{"embeddable":true,"href":"https:\/\/www.asociaciongerminal.org\/liburu\/wp-json\/wp\/v2\/comments?post=596"}],"version-history":[{"count":2,"href":"https:\/\/www.asociaciongerminal.org\/liburu\/wp-json\/wp\/v2\/posts\/596\/revisions"}],"predecessor-version":[{"id":1403,"href":"https:\/\/www.asociaciongerminal.org\/liburu\/wp-json\/wp\/v2\/posts\/596\/revisions\/1403"}],"wp:featuredmedia":[{"embeddable":true,"href":"https:\/\/www.asociaciongerminal.org\/liburu\/wp-json\/wp\/v2\/media\/597"}],"wp:attachment":[{"href":"https:\/\/www.asociaciongerminal.org\/liburu\/wp-json\/wp\/v2\/media?parent=596"}],"wp:term":[{"taxonomy":"category","embeddable":true,"href":"https:\/\/www.asociaciongerminal.org\/liburu\/wp-json\/wp\/v2\/categories?post=596"},{"taxonomy":"post_tag","embeddable":true,"href":"https:\/\/www.asociaciongerminal.org\/liburu\/wp-json\/wp\/v2\/tags?post=596"}],"curies":[{"name":"wp","href":"https:\/\/api.w.org\/{rel}","templated":true}]}}