{"id":72,"date":"2023-01-21T16:21:43","date_gmt":"2023-01-21T16:21:43","guid":{"rendered":"https:\/\/www.asociaciongerminal.org\/liburu\/?p=72"},"modified":"2023-04-21T16:10:06","modified_gmt":"2023-04-21T16:10:06","slug":"republica-si-o-no-sobre-las-sociedades-y-las-formas-de-gobierno-la-propuesta-del-municipalismo","status":"publish","type":"post","link":"https:\/\/www.asociaciongerminal.org\/liburu\/archivos\/72","title":{"rendered":"\u00bfRep\u00fablica, si o no? &#8211; sobre las sociedades y las formas de gobierno: La propuesta del municipalismo"},"content":{"rendered":"<p>Autor\u00eda:\u00a0Jose Iglesias Fern\u00e1nde<\/p>\n<p><img loading=\"lazy\" decoding=\"async\" class=\"alignnone size-full wp-image-1691\" src=\"https:\/\/www.asociaciongerminal.org\/liburu\/wp-content\/uploads\/sites\/3\/2023\/04\/51BA1kGvhXL._AC_SY780_.jpg\" width=\"145\" height=\"215\" alt=\"Republica, si o no? Sobre las sociedades y las formas de gobierno: la propuesta del municipalismo: Iglesias Fern\u00e1ndez, Jos\u00e9: 9788492559077: Amazon.com: Books\" srcset=\"https:\/\/www.asociaciongerminal.org\/liburu\/wp-content\/uploads\/sites\/3\/2023\/04\/51BA1kGvhXL._AC_SY780_.jpg 145w, https:\/\/www.asociaciongerminal.org\/liburu\/wp-content\/uploads\/sites\/3\/2023\/04\/51BA1kGvhXL._AC_SY780_-101x150.jpg 101w\" sizes=\"auto, (max-width: 145px) 100vw, 145px\" \/><\/p>\n<p style=\"text-align: justify;\">\u00abA pesar de la amnesia pol\u00edtica propiciada por la Transici\u00f3n espa\u00f1ola y de la actual campa\u00f1a de recuperaci\u00f3n de la figura del rey y de la Monarqu\u00eda como supuestos garantes de la democracia, en los \u00faltimos tiempos se han multiplicado las manifestaciones antimon\u00e1rquicas y, en general, el cuestionamiento del estatus y la legitimidad del rey y la familia real. Las campa\u00f1as de repulsa a la monarqu\u00eda, la quema de fotos de Juan Carlos I o los juicios a diversos medios de comunicaci\u00f3n por mofarse del actual jefe del Estado y su familia han vuelto a poner el r\u00e9gimen mon\u00e1rquico en tela de juicio, m\u00e1s de tres d\u00e9cadas despu\u00e9s de que sucediera al dictador Francisco Franco. Sin embargo, se acostumbra a presentar la Rep\u00fablica como \u00fanica alternativa posible a la Monarqu\u00eda, teniendo siempre como referencia una imagen edulcorada del pasado reciente republicano. Las evocaciones a la Primera y Segunda Rep\u00fablica espa\u00f1olas tienden a olvidar que, a pesar de los avances que supusieron en materia social o del r\u00e9gimen de libertades generales, los gobiernos republicanos espa\u00f1oles no pasaron de ser reg\u00edmenes parlamentarios sin vocaci\u00f3n real de acabar con las profundas desigualdades econ\u00f3micas imperantes en el Estado espa\u00f1ol. Tal como analiza Jos\u00e9 Iglesias en este breve ensayo, los llamamientos en pos de una Tercera Rep\u00fablica espa\u00f1ola y otros proyectos republicanos como el preconizado por Julio Anguita no dejan de ser, en lo fundamental, intentos de constituir un r\u00e9gimen similar a las democracias parlamentarias europeas, es decir, un r\u00e9gimen como el que ya padecemos pero sin la figura del rey. En ninguno de estos proyectos se cuestionan las estructuras de propiedad y de reparto de la riqueza, ni los mecanismos de decisi\u00f3n, por lo cual no pueden ser alternativa para nadie que aspire a un cambio radical respecto a las bases del sistema actual. El autor apunta en la direcci\u00f3n del municipalismo como horizonte inmediato de transformaci\u00f3n hacia una sociedad descentralizada, con formas de democracia directa y donde se favorezca la econom\u00eda local, para poder superar la crisis econ\u00f3mica y ecol\u00f3gica hacia la que nos arrastra el capitalismo.\u00bb<\/p>\n<p>(Sinopsis en traficantes.net)<\/p>\n","protected":false},"excerpt":{"rendered":"<p>Autor\u00eda:\u00a0Jose Iglesias Fern\u00e1nde \u00abA pesar de la amnesia pol\u00edtica propiciada por la Transici\u00f3n espa\u00f1ola y de la actual campa\u00f1a de<\/p>\n","protected":false},"author":3,"featured_media":114,"comment_status":"closed","ping_status":"open","sticky":false,"template":"","format":"standard","meta":{"footnotes":"","_links_to":"","_links_to_target":""},"categories":[18],"tags":[27],"class_list":["post-72","post","type-post","status-publish","format-standard","has-post-thumbnail","hentry","category-politica","tag-libro"],"publishpress_future_action":{"enabled":false,"date":"2026-06-23 11:46:02","action":"category-remove","newStatus":"draft","terms":[29],"taxonomy":"category","extraData":[]},"publishpress_future_workflow_manual_trigger":{"enabledWorkflows":[]},"_links":{"self":[{"href":"https:\/\/www.asociaciongerminal.org\/liburu\/wp-json\/wp\/v2\/posts\/72","targetHints":{"allow":["GET"]}}],"collection":[{"href":"https:\/\/www.asociaciongerminal.org\/liburu\/wp-json\/wp\/v2\/posts"}],"about":[{"href":"https:\/\/www.asociaciongerminal.org\/liburu\/wp-json\/wp\/v2\/types\/post"}],"author":[{"embeddable":true,"href":"https:\/\/www.asociaciongerminal.org\/liburu\/wp-json\/wp\/v2\/users\/3"}],"replies":[{"embeddable":true,"href":"https:\/\/www.asociaciongerminal.org\/liburu\/wp-json\/wp\/v2\/comments?post=72"}],"version-history":[{"count":3,"href":"https:\/\/www.asociaciongerminal.org\/liburu\/wp-json\/wp\/v2\/posts\/72\/revisions"}],"predecessor-version":[{"id":1692,"href":"https:\/\/www.asociaciongerminal.org\/liburu\/wp-json\/wp\/v2\/posts\/72\/revisions\/1692"}],"wp:featuredmedia":[{"embeddable":true,"href":"https:\/\/www.asociaciongerminal.org\/liburu\/wp-json\/wp\/v2\/media\/114"}],"wp:attachment":[{"href":"https:\/\/www.asociaciongerminal.org\/liburu\/wp-json\/wp\/v2\/media?parent=72"}],"wp:term":[{"taxonomy":"category","embeddable":true,"href":"https:\/\/www.asociaciongerminal.org\/liburu\/wp-json\/wp\/v2\/categories?post=72"},{"taxonomy":"post_tag","embeddable":true,"href":"https:\/\/www.asociaciongerminal.org\/liburu\/wp-json\/wp\/v2\/tags?post=72"}],"curies":[{"name":"wp","href":"https:\/\/api.w.org\/{rel}","templated":true}]}}