{"id":739,"date":"2023-02-28T14:45:05","date_gmt":"2023-02-28T14:45:05","guid":{"rendered":"https:\/\/www.asociaciongerminal.org\/liburu\/?p=739"},"modified":"2023-04-15T16:19:47","modified_gmt":"2023-04-15T16:19:47","slug":"esto-no-son-las-torres-gemelas-como-aprender-a-leer-la-television-y-otras-imagenes","status":"publish","type":"post","link":"https:\/\/www.asociaciongerminal.org\/liburu\/archivos\/739","title":{"rendered":"Esto no son las Torres Gemelas &#8211; c\u00f3mo aprender a leer la televisi\u00f3n y otras im\u00e1genes"},"content":{"rendered":"<p><img loading=\"lazy\" decoding=\"async\" class=\"alignnone size-full wp-image-1282\" src=\"https:\/\/www.asociaciongerminal.org\/liburu\/wp-content\/uploads\/sites\/3\/2023\/04\/41OTNqIbN8L._SX329_BO1204203200_.jpg\" width=\"143\" height=\"215\" alt=\"Esto No Son Las Torres Gemelas: C\u00f3mo aprender a leer la televisi\u00f3n y otra im\u00e1genes (RELECTURAS) : Mar\u00eda Acaso: Amazon.es: Libros\" srcset=\"https:\/\/www.asociaciongerminal.org\/liburu\/wp-content\/uploads\/sites\/3\/2023\/04\/41OTNqIbN8L._SX329_BO1204203200_.jpg 143w, https:\/\/www.asociaciongerminal.org\/liburu\/wp-content\/uploads\/sites\/3\/2023\/04\/41OTNqIbN8L._SX329_BO1204203200_-100x150.jpg 100w\" sizes=\"auto, (max-width: 143px) 100vw, 143px\" \/><\/p>\n<p>Autor\u00eda: Mar\u00eda Acaso<\/p>\n<p style=\"text-align: justify;\">\u00abSi cualquier habitante de una gran ciudad puede llegar a consumir hasta 800 im\u00e1genes diarias, \u00bfpor qu\u00e9 apenas nos preocupamos por la alfabetizaci\u00f3n visual?, \u00bfpor qu\u00e9 hay tan pocos libros y estudios sobre la influencia que ejer\u00adcen las im\u00e1genes en nuestra vida cotidiana? Podemos utilizar este libro corno un manual de resistencia visual, pues nos ense\u00f1a a sospechar de las im\u00e1genes, a analizar los miedos que despiertan en nosotros y a desarrollar un sen\u00adtido critico frente a ellas. Dividido en cuatro cap\u00edtulos, el recorrida que propone la autora parte del an\u00e1lisis de los mundos visuales, la hiperrealidad y la cultura visual, hasta llegar a definir el concepto de \u00abmetanarrativa visual\u00bb como el conjunto de mensajes creados a trav\u00e9s de\u00a1 lenguaje visual que nos obligan a tomar determinadas posiciones ante la vida de manera inconsciente. Tras exponer los tres grandes grupos de miedos que nos provocan estos relatos (los del cuerpo, los de clase y los culturales), nos ofrece las claves para diferenciar entre lo que una imagen nos transmite y lo que nos quiere transmitir.\u00bb<\/p>\n<p>(Sinopsis en entramadossociales.org)<\/p>\n","protected":false},"excerpt":{"rendered":"<p>Autor\u00eda: Mar\u00eda Acaso \u00abSi cualquier habitante de una gran ciudad puede llegar a consumir hasta 800 im\u00e1genes diarias, \u00bfpor qu\u00e9<\/p>\n","protected":false},"author":3,"featured_media":740,"comment_status":"closed","ping_status":"open","sticky":false,"template":"","format":"standard","meta":{"footnotes":"","_links_to":"","_links_to_target":""},"categories":[18],"tags":[27],"class_list":["post-739","post","type-post","status-publish","format-standard","has-post-thumbnail","hentry","category-politica","tag-libro"],"publishpress_future_action":{"enabled":false,"date":"2026-06-23 06:51:32","action":"category-remove","newStatus":"draft","terms":[29],"taxonomy":"category","extraData":[]},"publishpress_future_workflow_manual_trigger":{"enabledWorkflows":[]},"_links":{"self":[{"href":"https:\/\/www.asociaciongerminal.org\/liburu\/wp-json\/wp\/v2\/posts\/739","targetHints":{"allow":["GET"]}}],"collection":[{"href":"https:\/\/www.asociaciongerminal.org\/liburu\/wp-json\/wp\/v2\/posts"}],"about":[{"href":"https:\/\/www.asociaciongerminal.org\/liburu\/wp-json\/wp\/v2\/types\/post"}],"author":[{"embeddable":true,"href":"https:\/\/www.asociaciongerminal.org\/liburu\/wp-json\/wp\/v2\/users\/3"}],"replies":[{"embeddable":true,"href":"https:\/\/www.asociaciongerminal.org\/liburu\/wp-json\/wp\/v2\/comments?post=739"}],"version-history":[{"count":2,"href":"https:\/\/www.asociaciongerminal.org\/liburu\/wp-json\/wp\/v2\/posts\/739\/revisions"}],"predecessor-version":[{"id":1283,"href":"https:\/\/www.asociaciongerminal.org\/liburu\/wp-json\/wp\/v2\/posts\/739\/revisions\/1283"}],"wp:featuredmedia":[{"embeddable":true,"href":"https:\/\/www.asociaciongerminal.org\/liburu\/wp-json\/wp\/v2\/media\/740"}],"wp:attachment":[{"href":"https:\/\/www.asociaciongerminal.org\/liburu\/wp-json\/wp\/v2\/media?parent=739"}],"wp:term":[{"taxonomy":"category","embeddable":true,"href":"https:\/\/www.asociaciongerminal.org\/liburu\/wp-json\/wp\/v2\/categories?post=739"},{"taxonomy":"post_tag","embeddable":true,"href":"https:\/\/www.asociaciongerminal.org\/liburu\/wp-json\/wp\/v2\/tags?post=739"}],"curies":[{"name":"wp","href":"https:\/\/api.w.org\/{rel}","templated":true}]}}