{"id":749,"date":"2023-02-28T14:47:02","date_gmt":"2023-02-28T14:47:02","guid":{"rendered":"https:\/\/www.asociaciongerminal.org\/liburu\/?p=749"},"modified":"2023-04-15T07:43:26","modified_gmt":"2023-04-15T07:43:26","slug":"ferrer-guardia-y-la-pedagogia-libertaria","status":"publish","type":"post","link":"https:\/\/www.asociaciongerminal.org\/liburu\/archivos\/749","title":{"rendered":"Ferrer Guardia y la pedagog\u00eda libertaria"},"content":{"rendered":"<p><img loading=\"lazy\" decoding=\"async\" class=\"alignnone size-full wp-image-1277\" src=\"https:\/\/www.asociaciongerminal.org\/liburu\/wp-content\/uploads\/sites\/3\/2023\/04\/9788493714499.gif\" width=\"133\" height=\"215\" alt=\"FRANCISCO FERRER Y LA PEDAGOG\u00cdA LIBERTARIA | Traficantes de Sue\u00f1os\" \/><\/p>\n<p>Autor\u00eda: L\u00e1zaro Mon\u00e9s Sol\u00e1<\/p>\n<p style=\"text-align: justify;\">\u00abLa ocultaci\u00f3n de la Escuela Moderna de Francisco Ferrer Guardia sigue siendo hoy una constataci\u00f3n de los civilizados hechos punibles en la institucionalizaci\u00f3n simb\u00f3lica de los poderes pedag\u00f3gicos. En la actual crisis del sistema educativo internacional y cuando la instituci\u00f3n escolar pierde legitimidad como transmisora de saberes, las miradas retrospectivas pueden orientarnos hacia horizontes u-t\u00f3picos en los que anhelar nuevas (re)contextualizaciones cr\u00edticas. El modelo de educaci\u00f3n f\u00edsica adoptado en las escuelas racionalistas catalanas de principios del siglo XX responde a la identificaci\u00f3n de un modelo educativo cr\u00edtico, social \u2014que no institucional\u2014, universal y antibeligerante, que hoy sirve de espejo para revisar y reflexionar en torno a las posibilidades de una educaci\u00f3n f\u00edsica cr\u00edtica.\u00bb<\/p>\n<p>(Sinopsis en educar.uab.cat)<\/p>\n","protected":false},"excerpt":{"rendered":"<p>Autor\u00eda: L\u00e1zaro Mon\u00e9s Sol\u00e1 \u00abLa ocultaci\u00f3n de la Escuela Moderna de Francisco Ferrer Guardia sigue siendo hoy una constataci\u00f3n de<\/p>\n","protected":false},"author":3,"featured_media":750,"comment_status":"closed","ping_status":"open","sticky":false,"template":"","format":"standard","meta":{"footnotes":"","_links_to":"","_links_to_target":""},"categories":[17],"tags":[27],"class_list":["post-749","post","type-post","status-publish","format-standard","has-post-thumbnail","hentry","category-pedagogia","tag-libro"],"publishpress_future_action":{"enabled":false,"date":"2026-06-23 08:33:47","action":"category-remove","newStatus":"draft","terms":[29],"taxonomy":"category","extraData":[]},"publishpress_future_workflow_manual_trigger":{"enabledWorkflows":[]},"_links":{"self":[{"href":"https:\/\/www.asociaciongerminal.org\/liburu\/wp-json\/wp\/v2\/posts\/749","targetHints":{"allow":["GET"]}}],"collection":[{"href":"https:\/\/www.asociaciongerminal.org\/liburu\/wp-json\/wp\/v2\/posts"}],"about":[{"href":"https:\/\/www.asociaciongerminal.org\/liburu\/wp-json\/wp\/v2\/types\/post"}],"author":[{"embeddable":true,"href":"https:\/\/www.asociaciongerminal.org\/liburu\/wp-json\/wp\/v2\/users\/3"}],"replies":[{"embeddable":true,"href":"https:\/\/www.asociaciongerminal.org\/liburu\/wp-json\/wp\/v2\/comments?post=749"}],"version-history":[{"count":3,"href":"https:\/\/www.asociaciongerminal.org\/liburu\/wp-json\/wp\/v2\/posts\/749\/revisions"}],"predecessor-version":[{"id":1278,"href":"https:\/\/www.asociaciongerminal.org\/liburu\/wp-json\/wp\/v2\/posts\/749\/revisions\/1278"}],"wp:featuredmedia":[{"embeddable":true,"href":"https:\/\/www.asociaciongerminal.org\/liburu\/wp-json\/wp\/v2\/media\/750"}],"wp:attachment":[{"href":"https:\/\/www.asociaciongerminal.org\/liburu\/wp-json\/wp\/v2\/media?parent=749"}],"wp:term":[{"taxonomy":"category","embeddable":true,"href":"https:\/\/www.asociaciongerminal.org\/liburu\/wp-json\/wp\/v2\/categories?post=749"},{"taxonomy":"post_tag","embeddable":true,"href":"https:\/\/www.asociaciongerminal.org\/liburu\/wp-json\/wp\/v2\/tags?post=749"}],"curies":[{"name":"wp","href":"https:\/\/api.w.org\/{rel}","templated":true}]}}