{"id":752,"date":"2023-02-28T14:47:33","date_gmt":"2023-02-28T14:47:33","guid":{"rendered":"https:\/\/www.asociaciongerminal.org\/liburu\/?p=752"},"modified":"2023-04-15T07:41:06","modified_gmt":"2023-04-15T07:41:06","slug":"filosofia-de-la-situacion","status":"publish","type":"post","link":"https:\/\/www.asociaciongerminal.org\/liburu\/archivos\/752","title":{"rendered":"Filosof\u00eda de la situaci\u00f3n"},"content":{"rendered":"<p><img loading=\"lazy\" decoding=\"async\" class=\"alignnone size-full wp-image-1274\" src=\"https:\/\/www.asociaciongerminal.org\/liburu\/wp-content\/uploads\/sites\/3\/2023\/04\/thmb_46d7f74101detalle_pub_filosofiadlsi.jpg\" width=\"150\" height=\"215\" alt=\"Filosof\u00eda de la situaci\u00f3n \u2013 Fundaci\u00f3n C\u00e9sar Manrique\" srcset=\"https:\/\/www.asociaciongerminal.org\/liburu\/wp-content\/uploads\/sites\/3\/2023\/04\/thmb_46d7f74101detalle_pub_filosofiadlsi.jpg 150w, https:\/\/www.asociaciongerminal.org\/liburu\/wp-content\/uploads\/sites\/3\/2023\/04\/thmb_46d7f74101detalle_pub_filosofiadlsi-105x150.jpg 105w\" sizes=\"auto, (max-width: 150px) 100vw, 150px\" \/><\/p>\n<p>Autor\u00eda: G\u00fcnther Anders<\/p>\n<p style=\"text-align: justify;\">\u00ab\u00bbFilosof\u00eda de la situaci\u00f3n\u201d fue el nombre con el que G\u00fcnther Anders defini\u00f3 su obra, a trav\u00e9s de la cual intent\u00f3 comprender el mundo que se inici\u00f3 el 4 de agosto de 1945 con el lanzamiento de la bomba at\u00f3mica. Escribi\u00f3 intentando integrar los conocimientos derivados de la fenomenolog\u00eda, el marxismo y la Escuela de Frankfurt con la observaci\u00f3n minuciosa de los acontecimientos que suced\u00edan en el tiempo que vivi\u00f3. Puesto que el peligro de la destrucci\u00f3n del mundo y del ser humano era ya un hecho, consider\u00f3 que los libros y art\u00edculos deb\u00edan ser accesibles a todos y los organiz\u00f3 en la forma de proposiciones razonadas, ejemplos y tesis. Sus indagaciones en el sistema social salido del llamado \u201cprogreso\u201d capitalista y la metamorfosis del \u201calma\u201d humana (intelecto, sensibilidad e imaginaci\u00f3n) le impulsaron a poner en juego categor\u00edas y conceptos, como el de obsolescencia, principio de la m\u00e1quina, ley de la desproporci\u00f3n, o verg\u00fcenza promet\u00e9ica, con los que entender nuestro tiempo.\u00bb<\/p>\n<p>(Sinopsis en www.catarata.org)<\/p>\n","protected":false},"excerpt":{"rendered":"<p>Autor\u00eda: G\u00fcnther Anders \u00ab\u00bbFilosof\u00eda de la situaci\u00f3n\u201d fue el nombre con el que G\u00fcnther Anders defini\u00f3 su obra, a trav\u00e9s<\/p>\n","protected":false},"author":3,"featured_media":753,"comment_status":"closed","ping_status":"open","sticky":false,"template":"","format":"standard","meta":{"footnotes":"","_links_to":"","_links_to_target":""},"categories":[3],"tags":[27],"class_list":["post-752","post","type-post","status-publish","format-standard","has-post-thumbnail","hentry","category-anarquismo","tag-libro"],"publishpress_future_action":{"enabled":false,"date":"2026-06-23 10:03:17","action":"category-remove","newStatus":"draft","terms":[29],"taxonomy":"category","extraData":[]},"publishpress_future_workflow_manual_trigger":{"enabledWorkflows":[]},"_links":{"self":[{"href":"https:\/\/www.asociaciongerminal.org\/liburu\/wp-json\/wp\/v2\/posts\/752","targetHints":{"allow":["GET"]}}],"collection":[{"href":"https:\/\/www.asociaciongerminal.org\/liburu\/wp-json\/wp\/v2\/posts"}],"about":[{"href":"https:\/\/www.asociaciongerminal.org\/liburu\/wp-json\/wp\/v2\/types\/post"}],"author":[{"embeddable":true,"href":"https:\/\/www.asociaciongerminal.org\/liburu\/wp-json\/wp\/v2\/users\/3"}],"replies":[{"embeddable":true,"href":"https:\/\/www.asociaciongerminal.org\/liburu\/wp-json\/wp\/v2\/comments?post=752"}],"version-history":[{"count":3,"href":"https:\/\/www.asociaciongerminal.org\/liburu\/wp-json\/wp\/v2\/posts\/752\/revisions"}],"predecessor-version":[{"id":1275,"href":"https:\/\/www.asociaciongerminal.org\/liburu\/wp-json\/wp\/v2\/posts\/752\/revisions\/1275"}],"wp:featuredmedia":[{"embeddable":true,"href":"https:\/\/www.asociaciongerminal.org\/liburu\/wp-json\/wp\/v2\/media\/753"}],"wp:attachment":[{"href":"https:\/\/www.asociaciongerminal.org\/liburu\/wp-json\/wp\/v2\/media?parent=752"}],"wp:term":[{"taxonomy":"category","embeddable":true,"href":"https:\/\/www.asociaciongerminal.org\/liburu\/wp-json\/wp\/v2\/categories?post=752"},{"taxonomy":"post_tag","embeddable":true,"href":"https:\/\/www.asociaciongerminal.org\/liburu\/wp-json\/wp\/v2\/tags?post=752"}],"curies":[{"name":"wp","href":"https:\/\/api.w.org\/{rel}","templated":true}]}}