{"id":755,"date":"2023-02-28T14:47:54","date_gmt":"2023-02-28T14:47:54","guid":{"rendered":"https:\/\/www.asociaciongerminal.org\/liburu\/?p=755"},"modified":"2023-04-15T07:39:36","modified_gmt":"2023-04-15T07:39:36","slug":"filosofia-del-anarquismo","status":"publish","type":"post","link":"https:\/\/www.asociaciongerminal.org\/liburu\/archivos\/755","title":{"rendered":"Filosof\u00eda del anarquismo"},"content":{"rendered":"<p><img loading=\"lazy\" decoding=\"async\" class=\"alignnone size-full wp-image-1271\" src=\"https:\/\/www.asociaciongerminal.org\/liburu\/wp-content\/uploads\/sites\/3\/2023\/04\/51cWmZO5vLL.jpg\" width=\"134\" height=\"215\" alt=\"Filosof\u00eda del anarquismo : Malato, Charles, Villar, Pablo Solares, Azzati, F\u00e9lix: Amazon.es: Libros\" srcset=\"https:\/\/www.asociaciongerminal.org\/liburu\/wp-content\/uploads\/sites\/3\/2023\/04\/51cWmZO5vLL.jpg 134w, https:\/\/www.asociaciongerminal.org\/liburu\/wp-content\/uploads\/sites\/3\/2023\/04\/51cWmZO5vLL-93x150.jpg 93w\" sizes=\"auto, (max-width: 134px) 100vw, 134px\" \/><\/p>\n<p>Autor\u00eda: Carlos Malato<\/p>\n<p style=\"text-align: justify;\">\u00abLa filosof\u00eda del anarquismo, publicada en 1889, es la primera obra pol\u00edtica de Malato, y acaso su libro m\u00e1s influyente. En \u00e9l nos ofrece una visi\u00f3n completa y extensa de la teor\u00eda social anarquista en sus m\u00e1s variados \u00e1mbitos: familia, propiedad, producci\u00f3n, arte, ciencia, educaci\u00f3n, defensa armada, etc.<br \/>\nLo hace adem\u00e1s de forma sencilla y ordenada, con un estilo sereno y de f\u00e1cil lectura, y mostrando un exhaustivo conocimiento de la historia europea y de los avances cient\u00edficos de su \u00e9poca.<br \/>\nDos de sus planteamientos son especialmente novedosos y originales, los que se refieren a la educaci\u00f3n -defiende una instrucci\u00f3n formal en las primeras etapas de la vida, con el mantenimiento de una cierta autoridad- y a la defensa armada de la sociedad anarquista -anticipando la idea del pueblo en armas, en choque frontal con el pacifismo habitual en el movimiento \u00e1crata de la \u00e9poca.\u00bb<\/p>\n<p>(Sinopsis en www.solidaridadobrera.org)<\/p>\n","protected":false},"excerpt":{"rendered":"<p>Autor\u00eda: Carlos Malato \u00abLa filosof\u00eda del anarquismo, publicada en 1889, es la primera obra pol\u00edtica de Malato, y acaso su<\/p>\n","protected":false},"author":3,"featured_media":756,"comment_status":"closed","ping_status":"open","sticky":false,"template":"","format":"standard","meta":{"footnotes":"","_links_to":"","_links_to_target":""},"categories":[3],"tags":[27],"class_list":["post-755","post","type-post","status-publish","format-standard","has-post-thumbnail","hentry","category-anarquismo","tag-libro"],"publishpress_future_action":{"enabled":false,"date":"2026-06-25 10:47:41","action":"category-remove","newStatus":"draft","terms":[29],"taxonomy":"category","extraData":[]},"publishpress_future_workflow_manual_trigger":{"enabledWorkflows":[]},"_links":{"self":[{"href":"https:\/\/www.asociaciongerminal.org\/liburu\/wp-json\/wp\/v2\/posts\/755","targetHints":{"allow":["GET"]}}],"collection":[{"href":"https:\/\/www.asociaciongerminal.org\/liburu\/wp-json\/wp\/v2\/posts"}],"about":[{"href":"https:\/\/www.asociaciongerminal.org\/liburu\/wp-json\/wp\/v2\/types\/post"}],"author":[{"embeddable":true,"href":"https:\/\/www.asociaciongerminal.org\/liburu\/wp-json\/wp\/v2\/users\/3"}],"replies":[{"embeddable":true,"href":"https:\/\/www.asociaciongerminal.org\/liburu\/wp-json\/wp\/v2\/comments?post=755"}],"version-history":[{"count":3,"href":"https:\/\/www.asociaciongerminal.org\/liburu\/wp-json\/wp\/v2\/posts\/755\/revisions"}],"predecessor-version":[{"id":1272,"href":"https:\/\/www.asociaciongerminal.org\/liburu\/wp-json\/wp\/v2\/posts\/755\/revisions\/1272"}],"wp:featuredmedia":[{"embeddable":true,"href":"https:\/\/www.asociaciongerminal.org\/liburu\/wp-json\/wp\/v2\/media\/756"}],"wp:attachment":[{"href":"https:\/\/www.asociaciongerminal.org\/liburu\/wp-json\/wp\/v2\/media?parent=755"}],"wp:term":[{"taxonomy":"category","embeddable":true,"href":"https:\/\/www.asociaciongerminal.org\/liburu\/wp-json\/wp\/v2\/categories?post=755"},{"taxonomy":"post_tag","embeddable":true,"href":"https:\/\/www.asociaciongerminal.org\/liburu\/wp-json\/wp\/v2\/tags?post=755"}],"curies":[{"name":"wp","href":"https:\/\/api.w.org\/{rel}","templated":true}]}}