{"id":76,"date":"2023-01-22T09:26:16","date_gmt":"2023-01-22T09:26:16","guid":{"rendered":"https:\/\/www.asociaciongerminal.org\/liburu\/?p=76"},"modified":"2023-04-21T16:08:14","modified_gmt":"2023-04-21T16:08:14","slug":"baitypi","status":"publish","type":"post","link":"https:\/\/www.asociaciongerminal.org\/liburu\/archivos\/76","title":{"rendered":"Baitypi"},"content":{"rendered":"<p>Autor\u00eda:\u00a0VVAA<\/p>\n<p><img loading=\"lazy\" decoding=\"async\" class=\"alignnone size-full wp-image-1687\" src=\"https:\/\/www.asociaciongerminal.org\/liburu\/wp-content\/uploads\/sites\/3\/2023\/04\/md30961636510-1.jpg\" width=\"150\" height=\"215\" alt=\"Imagen del vendedor de Baitypi a la venta por Librer\u00eda Alonso Quijano\" srcset=\"https:\/\/www.asociaciongerminal.org\/liburu\/wp-content\/uploads\/sites\/3\/2023\/04\/md30961636510-1.jpg 150w, https:\/\/www.asociaciongerminal.org\/liburu\/wp-content\/uploads\/sites\/3\/2023\/04\/md30961636510-1-105x150.jpg 105w\" sizes=\"auto, (max-width: 150px) 100vw, 150px\" \/><\/p>\n<p style=\"text-align: justify;\">\u00abAll\u00e1 por los a\u00f1os 90 se fund\u00f3 en San Sebasti\u00e1n una revista filos\u00f3fica que llevaba este nombre: Blityri (por cierto, a\u00f1os despu\u00e9s unos italianos nos copiaron el nombre y ah\u00ed siguen descaradamente). Apenas fueron tres n\u00fameros (La escritura, 1993; El vino, 1994; La estupidez, 1995) antes de comenzar a extinguirse. A duras penas sobrevivi\u00f3 durantes unos cuantos n\u00fameros m\u00e1s, pero vinculada ya a la editorial Iralka (llevada por el ind\u00f3mito editor Manuel Muner), sacando a este respecto algunos monogr\u00e1ficos sobre El saber, El terror, La posibilidad o El dolor, entre otros que por ah\u00ed andan en las librer\u00edas de viejo y algunas bibliotecas.\u00bb<\/p>\n<p>(Sinopsis en www.lavozdelsur.es)<\/p>\n","protected":false},"excerpt":{"rendered":"<p>Autor\u00eda:\u00a0VVAA \u00abAll\u00e1 por los a\u00f1os 90 se fund\u00f3 en San Sebasti\u00e1n una revista filos\u00f3fica que llevaba este nombre: Blityri (por<\/p>\n","protected":false},"author":3,"featured_media":79,"comment_status":"closed","ping_status":"open","sticky":false,"template":"","format":"standard","meta":{"footnotes":"","_links_to":"","_links_to_target":""},"categories":[14],"tags":[27],"class_list":["post-76","post","type-post","status-publish","format-standard","has-post-thumbnail","hentry","category-literatura","tag-libro"],"publishpress_future_action":{"enabled":false,"date":"2026-06-23 11:29:43","action":"category-remove","newStatus":"draft","terms":[29],"taxonomy":"category","extraData":[]},"publishpress_future_workflow_manual_trigger":{"enabledWorkflows":[]},"_links":{"self":[{"href":"https:\/\/www.asociaciongerminal.org\/liburu\/wp-json\/wp\/v2\/posts\/76","targetHints":{"allow":["GET"]}}],"collection":[{"href":"https:\/\/www.asociaciongerminal.org\/liburu\/wp-json\/wp\/v2\/posts"}],"about":[{"href":"https:\/\/www.asociaciongerminal.org\/liburu\/wp-json\/wp\/v2\/types\/post"}],"author":[{"embeddable":true,"href":"https:\/\/www.asociaciongerminal.org\/liburu\/wp-json\/wp\/v2\/users\/3"}],"replies":[{"embeddable":true,"href":"https:\/\/www.asociaciongerminal.org\/liburu\/wp-json\/wp\/v2\/comments?post=76"}],"version-history":[{"count":5,"href":"https:\/\/www.asociaciongerminal.org\/liburu\/wp-json\/wp\/v2\/posts\/76\/revisions"}],"predecessor-version":[{"id":1688,"href":"https:\/\/www.asociaciongerminal.org\/liburu\/wp-json\/wp\/v2\/posts\/76\/revisions\/1688"}],"wp:featuredmedia":[{"embeddable":true,"href":"https:\/\/www.asociaciongerminal.org\/liburu\/wp-json\/wp\/v2\/media\/79"}],"wp:attachment":[{"href":"https:\/\/www.asociaciongerminal.org\/liburu\/wp-json\/wp\/v2\/media?parent=76"}],"wp:term":[{"taxonomy":"category","embeddable":true,"href":"https:\/\/www.asociaciongerminal.org\/liburu\/wp-json\/wp\/v2\/categories?post=76"},{"taxonomy":"post_tag","embeddable":true,"href":"https:\/\/www.asociaciongerminal.org\/liburu\/wp-json\/wp\/v2\/tags?post=76"}],"curies":[{"name":"wp","href":"https:\/\/api.w.org\/{rel}","templated":true}]}}