{"id":842,"date":"2023-02-28T20:07:51","date_gmt":"2023-02-28T20:07:51","guid":{"rendered":"https:\/\/www.asociaciongerminal.org\/liburu\/?p=842"},"modified":"2023-04-13T08:05:39","modified_gmt":"2023-04-13T08:05:39","slug":"municiones-para-disidentes-realidad-verdad-politica-2","status":"publish","type":"post","link":"https:\/\/www.asociaciongerminal.org\/liburu\/archivos\/842","title":{"rendered":"Municiones para disidentes &#8211; Realidad-Verdad-Pol\u00edtica"},"content":{"rendered":"<p><img loading=\"lazy\" decoding=\"async\" class=\"alignnone size-full wp-image-1217\" src=\"https:\/\/www.asociaciongerminal.org\/liburu\/wp-content\/uploads\/sites\/3\/2023\/04\/9788474329216-1.jpg\" width=\"145\" height=\"215\" alt=\"MUNICIONES PARA DISIDENTES: REALIDAD-VERDAD-POLITICA | TOMAS IBA\u00d1EZ | Casa del Libro\" srcset=\"https:\/\/www.asociaciongerminal.org\/liburu\/wp-content\/uploads\/sites\/3\/2023\/04\/9788474329216-1.jpg 145w, https:\/\/www.asociaciongerminal.org\/liburu\/wp-content\/uploads\/sites\/3\/2023\/04\/9788474329216-1-101x150.jpg 101w\" sizes=\"auto, (max-width: 145px) 100vw, 145px\" \/><\/p>\n<p>Autor\u00eda: Tom\u00e1s Ib\u00e1\u00f1ez<\/p>\n<div class=\"text-container\" data-v-809af916=\"\">\n<div style=\"text-align: justify;\" data-v-809af916=\"\">\u00abEste libro invita a caminar unos momentos por lugares tan distintos entre s\u00ed como la F\u00edsica Qu\u00e1ntica, la Psicolog\u00eda y la Psicolog\u00eda Social, la Filosof\u00eda, o la Sociolog\u00eda, entre otros. Se trata, sin duda, de territorios bien dispares, archipi\u00e9lago de saberes inconexos cuya visita parece exigir complejos mapas y sofisticadas cartas de navegaci\u00f3n. Pero esto no deber\u00eda resultar preocupante, porque estos lugares se vuelven sorprendentemente similares cuando se los interroga desde unas mismas preguntas. Como si la respuesta llevase, grabada en su seno, el sello de la interrogaci\u00f3n m\u00e1s que la marca de aquello que se interroga. Como si la \u00abobjetividad\u00bb fuese un simple cuento de hadas. \u00bfPero cu\u00e1l es esa interrogaci\u00f3n que nos empuja a emprender un viaje por territorios tan dispares? Se trata de una pregunta acerca de cu\u00e1l es la naturaleza y cu\u00e1les son los efectos del cambio de sociedad, y m\u00e1s globalmente, del cambio de civilizaci\u00f3n, que se est\u00e1 produciendo, paulatinamente, desde hace unas d\u00e9cadas, y que a\u00fan permanecer\u00e1 en fase de transici\u00f3n durante algunas d\u00e9cadas m\u00e1s. El nombre que demos a la nueva \u00e9poca en la cual estamos entrando, y que se va configurando poco a poco bajo nuestra mirada, es lo de menos. Algunos la llaman Postmodernidad y esta es la etiqueta que, de momento, me parece la m\u00e1s pr\u00e1ctica.Lo que se intenta comprender en este libro es, precisamente, un cambio social que conlleva, como es habitual en todos los cambios sociales de gran alcance, modificaciones que afectan tanto a nuestra forma de ser como a nuestra manera de entender el mundo, tanto a nuestras categor\u00edas conceptuales como a nuestras pr\u00e1cticas y relaciones sociales. Los cambios que se est\u00e1n produciendo son polifac\u00e9ticos, y es por ello por lo cual es preciso rastrearlos en \u00e1mbitos tan diversos como los que aqu\u00ed se abordan. Pero el prop\u00f3sito de esa especie de \u00abhistoria del presente\u00bb que nos hemos planteado no es de tipo descriptivo, no se trata de realizar un inventario, sino de alcanzar, aunque sea fragmentariamente, la l\u00f3gica que la impregna y los elementos b\u00e1sicos que la articulan. Nada mejor para conseguirlo que arriesgarnos a entrar en el laberinto, probablemente sin salida, donde se anudan los hilos de la Realidad, de la Verdad y de la Pol\u00edtica.\u00bb<\/div>\n<\/div>\n<div class=\"action\" data-v-809af916=\"\">(Sinopsis en www.casadellibro.com)<\/div>\n","protected":false},"excerpt":{"rendered":"<p>Autor\u00eda: Tom\u00e1s Ib\u00e1\u00f1ez \u00abEste libro invita a caminar unos momentos por lugares tan distintos entre s\u00ed como la F\u00edsica Qu\u00e1ntica,<\/p>\n","protected":false},"author":3,"featured_media":843,"comment_status":"closed","ping_status":"open","sticky":false,"template":"","format":"standard","meta":{"footnotes":"","_links_to":"","_links_to_target":""},"categories":[3],"tags":[27],"class_list":["post-842","post","type-post","status-publish","format-standard","has-post-thumbnail","hentry","category-anarquismo","tag-libro"],"publishpress_future_action":{"enabled":false,"date":"2026-06-22 19:07:59","action":"category-remove","newStatus":"draft","terms":[29],"taxonomy":"category","extraData":[]},"publishpress_future_workflow_manual_trigger":{"enabledWorkflows":[]},"_links":{"self":[{"href":"https:\/\/www.asociaciongerminal.org\/liburu\/wp-json\/wp\/v2\/posts\/842","targetHints":{"allow":["GET"]}}],"collection":[{"href":"https:\/\/www.asociaciongerminal.org\/liburu\/wp-json\/wp\/v2\/posts"}],"about":[{"href":"https:\/\/www.asociaciongerminal.org\/liburu\/wp-json\/wp\/v2\/types\/post"}],"author":[{"embeddable":true,"href":"https:\/\/www.asociaciongerminal.org\/liburu\/wp-json\/wp\/v2\/users\/3"}],"replies":[{"embeddable":true,"href":"https:\/\/www.asociaciongerminal.org\/liburu\/wp-json\/wp\/v2\/comments?post=842"}],"version-history":[{"count":2,"href":"https:\/\/www.asociaciongerminal.org\/liburu\/wp-json\/wp\/v2\/posts\/842\/revisions"}],"predecessor-version":[{"id":1218,"href":"https:\/\/www.asociaciongerminal.org\/liburu\/wp-json\/wp\/v2\/posts\/842\/revisions\/1218"}],"wp:featuredmedia":[{"embeddable":true,"href":"https:\/\/www.asociaciongerminal.org\/liburu\/wp-json\/wp\/v2\/media\/843"}],"wp:attachment":[{"href":"https:\/\/www.asociaciongerminal.org\/liburu\/wp-json\/wp\/v2\/media?parent=842"}],"wp:term":[{"taxonomy":"category","embeddable":true,"href":"https:\/\/www.asociaciongerminal.org\/liburu\/wp-json\/wp\/v2\/categories?post=842"},{"taxonomy":"post_tag","embeddable":true,"href":"https:\/\/www.asociaciongerminal.org\/liburu\/wp-json\/wp\/v2\/tags?post=842"}],"curies":[{"name":"wp","href":"https:\/\/api.w.org\/{rel}","templated":true}]}}