{"id":848,"date":"2023-02-28T20:09:31","date_gmt":"2023-02-28T20:09:31","guid":{"rendered":"https:\/\/www.asociaciongerminal.org\/liburu\/?p=848"},"modified":"2023-04-13T08:02:30","modified_gmt":"2023-04-13T08:02:30","slug":"ni-dios-ni-amoii-antologia-del-anarquismo-2","status":"publish","type":"post","link":"https:\/\/www.asociaciongerminal.org\/liburu\/archivos\/848","title":{"rendered":"Ni Dios ni amo(II) &#8211; Antolog\u00eda del Anarquismo"},"content":{"rendered":"<p><img loading=\"lazy\" decoding=\"async\" class=\"alignnone size-full wp-image-1212\" src=\"https:\/\/www.asociaciongerminal.org\/liburu\/wp-content\/uploads\/sites\/3\/2023\/04\/DSC02000-e1474876451555-207x300-2.jpg\" width=\"148\" height=\"215\" alt=\"Ni Dios ni amo. Antolog\u00eda del anarquismo (2 Vol.) | Libros de Historia\" srcset=\"https:\/\/www.asociaciongerminal.org\/liburu\/wp-content\/uploads\/sites\/3\/2023\/04\/DSC02000-e1474876451555-207x300-2.jpg 148w, https:\/\/www.asociaciongerminal.org\/liburu\/wp-content\/uploads\/sites\/3\/2023\/04\/DSC02000-e1474876451555-207x300-2-103x150.jpg 103w\" sizes=\"auto, (max-width: 148px) 100vw, 148px\" \/><\/p>\n<p>Autor\u00eda: Daniel Guer\u00edn<\/p>\n<p style=\"text-align: justify;\">\u00abMalatesta: Revoluci\u00f3n y reacci\u00f3n. Las colectividades espa\u00f1olas. Volin: la revoluci\u00f3n desconocida. Recuerdos de Kronstadt. El anarquismo en la guerra de Espa\u00f1a.\u00bb<\/p>\n<p>(Sinopsis en www.casadellibro.com)<\/p>\n","protected":false},"excerpt":{"rendered":"<p>Autor\u00eda: Daniel Guer\u00edn \u00abMalatesta: Revoluci\u00f3n y reacci\u00f3n. Las colectividades espa\u00f1olas. Volin: la revoluci\u00f3n desconocida. Recuerdos de Kronstadt. El anarquismo en<\/p>\n","protected":false},"author":3,"featured_media":849,"comment_status":"closed","ping_status":"open","sticky":false,"template":"","format":"standard","meta":{"footnotes":"","_links_to":"","_links_to_target":""},"categories":[3],"tags":[27],"class_list":["post-848","post","type-post","status-publish","format-standard","has-post-thumbnail","hentry","category-anarquismo","tag-libro"],"publishpress_future_action":{"enabled":false,"date":"2026-06-22 17:05:32","action":"category-remove","newStatus":"draft","terms":[29],"taxonomy":"category","extraData":[]},"publishpress_future_workflow_manual_trigger":{"enabledWorkflows":[]},"_links":{"self":[{"href":"https:\/\/www.asociaciongerminal.org\/liburu\/wp-json\/wp\/v2\/posts\/848","targetHints":{"allow":["GET"]}}],"collection":[{"href":"https:\/\/www.asociaciongerminal.org\/liburu\/wp-json\/wp\/v2\/posts"}],"about":[{"href":"https:\/\/www.asociaciongerminal.org\/liburu\/wp-json\/wp\/v2\/types\/post"}],"author":[{"embeddable":true,"href":"https:\/\/www.asociaciongerminal.org\/liburu\/wp-json\/wp\/v2\/users\/3"}],"replies":[{"embeddable":true,"href":"https:\/\/www.asociaciongerminal.org\/liburu\/wp-json\/wp\/v2\/comments?post=848"}],"version-history":[{"count":3,"href":"https:\/\/www.asociaciongerminal.org\/liburu\/wp-json\/wp\/v2\/posts\/848\/revisions"}],"predecessor-version":[{"id":1213,"href":"https:\/\/www.asociaciongerminal.org\/liburu\/wp-json\/wp\/v2\/posts\/848\/revisions\/1213"}],"wp:featuredmedia":[{"embeddable":true,"href":"https:\/\/www.asociaciongerminal.org\/liburu\/wp-json\/wp\/v2\/media\/849"}],"wp:attachment":[{"href":"https:\/\/www.asociaciongerminal.org\/liburu\/wp-json\/wp\/v2\/media?parent=848"}],"wp:term":[{"taxonomy":"category","embeddable":true,"href":"https:\/\/www.asociaciongerminal.org\/liburu\/wp-json\/wp\/v2\/categories?post=848"},{"taxonomy":"post_tag","embeddable":true,"href":"https:\/\/www.asociaciongerminal.org\/liburu\/wp-json\/wp\/v2\/tags?post=848"}],"curies":[{"name":"wp","href":"https:\/\/api.w.org\/{rel}","templated":true}]}}