{"id":851,"date":"2023-02-28T20:10:15","date_gmt":"2023-02-28T20:10:15","guid":{"rendered":"https:\/\/www.asociaciongerminal.org\/liburu\/?p=851"},"modified":"2023-04-13T07:58:07","modified_gmt":"2023-04-13T07:58:07","slug":"nihilismo-y-rebelion-2","status":"publish","type":"post","link":"https:\/\/www.asociaciongerminal.org\/liburu\/archivos\/851","title":{"rendered":"Nihilismo y rebeli\u00f3n"},"content":{"rendered":"<p><img loading=\"lazy\" decoding=\"async\" class=\"alignnone size-full wp-image-1209\" src=\"https:\/\/www.asociaciongerminal.org\/liburu\/wp-content\/uploads\/sites\/3\/2023\/04\/41TexUd-GlL._SX478_BO1204203200_-e1677615040921-1.jpg\" width=\"139\" height=\"143\" alt=\"NIHILISMO Y REBELION : Varios autores: Amazon.es: Libros\" \/><\/p>\n<p>Autor\u00eda: VVAA<\/p>\n<p style=\"text-align: justify;\">\u00abEl presente art\u00edculo trata de la relaci\u00f3n entre rebeli\u00f3n y nihilismo a partir de la lectura que nos proporciona Albert Camus de El \u00danico y su propiedad de Max Stirner. En este sentido, nuestra propuesta consistir\u00e1 en formular una interpretaci\u00f3n antit\u00e9tica a la camusiana del nihilismo stirneriano: enfoc\u00e1ndose en los conceptos de revuelta metaf\u00edsica y muerte de Dios desarrollados por el fil\u00f3sofo alem\u00e1n, el presente trabajo quiere subrayar aquellos rasgos que conectan el nihilismo y la rebeli\u00f3n, considerando sobre todo las implicaciones morales que tal aproximaci\u00f3n conlleva.\u00bb<\/p>\n<p>(Sinopsis en dialnet.unirioja.es)<\/p>\n","protected":false},"excerpt":{"rendered":"<p>Autor\u00eda: VVAA \u00abEl presente art\u00edculo trata de la relaci\u00f3n entre rebeli\u00f3n y nihilismo a partir de la lectura que nos<\/p>\n","protected":false},"author":3,"featured_media":852,"comment_status":"closed","ping_status":"open","sticky":false,"template":"","format":"standard","meta":{"footnotes":"","_links_to":"","_links_to_target":""},"categories":[3],"tags":[27],"class_list":["post-851","post","type-post","status-publish","format-standard","has-post-thumbnail","hentry","category-anarquismo","tag-libro"],"publishpress_future_action":{"enabled":false,"date":"2026-06-22 16:39:38","action":"category-remove","newStatus":"draft","terms":[29],"taxonomy":"category","extraData":[]},"publishpress_future_workflow_manual_trigger":{"enabledWorkflows":[]},"_links":{"self":[{"href":"https:\/\/www.asociaciongerminal.org\/liburu\/wp-json\/wp\/v2\/posts\/851","targetHints":{"allow":["GET"]}}],"collection":[{"href":"https:\/\/www.asociaciongerminal.org\/liburu\/wp-json\/wp\/v2\/posts"}],"about":[{"href":"https:\/\/www.asociaciongerminal.org\/liburu\/wp-json\/wp\/v2\/types\/post"}],"author":[{"embeddable":true,"href":"https:\/\/www.asociaciongerminal.org\/liburu\/wp-json\/wp\/v2\/users\/3"}],"replies":[{"embeddable":true,"href":"https:\/\/www.asociaciongerminal.org\/liburu\/wp-json\/wp\/v2\/comments?post=851"}],"version-history":[{"count":4,"href":"https:\/\/www.asociaciongerminal.org\/liburu\/wp-json\/wp\/v2\/posts\/851\/revisions"}],"predecessor-version":[{"id":1210,"href":"https:\/\/www.asociaciongerminal.org\/liburu\/wp-json\/wp\/v2\/posts\/851\/revisions\/1210"}],"wp:featuredmedia":[{"embeddable":true,"href":"https:\/\/www.asociaciongerminal.org\/liburu\/wp-json\/wp\/v2\/media\/852"}],"wp:attachment":[{"href":"https:\/\/www.asociaciongerminal.org\/liburu\/wp-json\/wp\/v2\/media?parent=851"}],"wp:term":[{"taxonomy":"category","embeddable":true,"href":"https:\/\/www.asociaciongerminal.org\/liburu\/wp-json\/wp\/v2\/categories?post=851"},{"taxonomy":"post_tag","embeddable":true,"href":"https:\/\/www.asociaciongerminal.org\/liburu\/wp-json\/wp\/v2\/tags?post=851"}],"curies":[{"name":"wp","href":"https:\/\/api.w.org\/{rel}","templated":true}]}}