{"id":862,"date":"2023-02-28T20:12:02","date_gmt":"2023-02-28T20:12:02","guid":{"rendered":"https:\/\/www.asociaciongerminal.org\/liburu\/?p=862"},"modified":"2023-04-12T19:10:08","modified_gmt":"2023-04-12T19:10:08","slug":"nueva-humanidad-escritos-para-la-difusion-del-anarquismo-2","status":"publish","type":"post","link":"https:\/\/www.asociaciongerminal.org\/liburu\/archivos\/862","title":{"rendered":"Nueva Humanidad &#8211; Escritos para la difusi\u00f3n del anarquismo"},"content":{"rendered":"<p><img loading=\"lazy\" decoding=\"async\" class=\"alignnone size-full wp-image-1203\" src=\"https:\/\/www.asociaciongerminal.org\/liburu\/wp-content\/uploads\/sites\/3\/2023\/04\/nueva-humanidad-escritos-para-la-difusion-del-anarquismo.png\" width=\"150\" height=\"197\" alt=\"Nueva Humanidad. Escritos para la difusi\u00f3n del anarquismo - Confederaci\u00f3n Nacional del Trabajo\" srcset=\"https:\/\/www.asociaciongerminal.org\/liburu\/wp-content\/uploads\/sites\/3\/2023\/04\/nueva-humanidad-escritos-para-la-difusion-del-anarquismo.png 150w, https:\/\/www.asociaciongerminal.org\/liburu\/wp-content\/uploads\/sites\/3\/2023\/04\/nueva-humanidad-escritos-para-la-difusion-del-anarquismo-114x150.png 114w\" sizes=\"auto, (max-width: 150px) 100vw, 150px\" \/><\/p>\n<p>Autor\u00eda: Errico Malatesta<\/p>\n<p style=\"text-align: justify;\">\u00abUna nueva edici\u00f3n de los textos de Malatesta ya publicados en castellano y que contin\u00faan estando vigentes, con art\u00edculos de prensa destacados en donde se aprecia lo visionario de su pensamiento\u00bb<\/p>\n<p>(Sinopsis en www.llibreria-lacostera.com)<\/p>\n","protected":false},"excerpt":{"rendered":"<p>Autor\u00eda: Errico Malatesta \u00abUna nueva edici\u00f3n de los textos de Malatesta ya publicados en castellano y que contin\u00faan estando vigentes,<\/p>\n","protected":false},"author":3,"featured_media":863,"comment_status":"closed","ping_status":"open","sticky":false,"template":"","format":"standard","meta":{"footnotes":"","_links_to":"","_links_to_target":""},"categories":[3],"tags":[27],"class_list":["post-862","post","type-post","status-publish","format-standard","has-post-thumbnail","hentry","category-anarquismo","tag-libro"],"publishpress_future_action":{"enabled":false,"date":"2026-06-22 17:05:25","action":"category-remove","newStatus":"draft","terms":[29],"taxonomy":"category","extraData":[]},"publishpress_future_workflow_manual_trigger":{"enabledWorkflows":[]},"_links":{"self":[{"href":"https:\/\/www.asociaciongerminal.org\/liburu\/wp-json\/wp\/v2\/posts\/862","targetHints":{"allow":["GET"]}}],"collection":[{"href":"https:\/\/www.asociaciongerminal.org\/liburu\/wp-json\/wp\/v2\/posts"}],"about":[{"href":"https:\/\/www.asociaciongerminal.org\/liburu\/wp-json\/wp\/v2\/types\/post"}],"author":[{"embeddable":true,"href":"https:\/\/www.asociaciongerminal.org\/liburu\/wp-json\/wp\/v2\/users\/3"}],"replies":[{"embeddable":true,"href":"https:\/\/www.asociaciongerminal.org\/liburu\/wp-json\/wp\/v2\/comments?post=862"}],"version-history":[{"count":3,"href":"https:\/\/www.asociaciongerminal.org\/liburu\/wp-json\/wp\/v2\/posts\/862\/revisions"}],"predecessor-version":[{"id":1204,"href":"https:\/\/www.asociaciongerminal.org\/liburu\/wp-json\/wp\/v2\/posts\/862\/revisions\/1204"}],"wp:featuredmedia":[{"embeddable":true,"href":"https:\/\/www.asociaciongerminal.org\/liburu\/wp-json\/wp\/v2\/media\/863"}],"wp:attachment":[{"href":"https:\/\/www.asociaciongerminal.org\/liburu\/wp-json\/wp\/v2\/media?parent=862"}],"wp:term":[{"taxonomy":"category","embeddable":true,"href":"https:\/\/www.asociaciongerminal.org\/liburu\/wp-json\/wp\/v2\/categories?post=862"},{"taxonomy":"post_tag","embeddable":true,"href":"https:\/\/www.asociaciongerminal.org\/liburu\/wp-json\/wp\/v2\/tags?post=862"}],"curies":[{"name":"wp","href":"https:\/\/api.w.org\/{rel}","templated":true}]}}