{"id":927,"date":"2023-02-28T20:34:25","date_gmt":"2023-02-28T20:34:25","guid":{"rendered":"https:\/\/www.asociaciongerminal.org\/liburu\/?p=927"},"modified":"2023-04-12T16:21:03","modified_gmt":"2023-04-12T16:21:03","slug":"critica-de-la-retorica-democratica","status":"publish","type":"post","link":"https:\/\/www.asociaciongerminal.org\/liburu\/archivos\/927","title":{"rendered":"Cr\u00edtica de la ret\u00f3rica democr\u00e1tica"},"content":{"rendered":"<p><img loading=\"lazy\" decoding=\"async\" class=\"alignnone size-full wp-image-1146\" src=\"https:\/\/www.asociaciongerminal.org\/liburu\/wp-content\/uploads\/sites\/3\/2023\/04\/md31358051181.jpg\" width=\"150\" height=\"215\" alt=\"critica retorica democratica - AbeBooks\" srcset=\"https:\/\/www.asociaciongerminal.org\/liburu\/wp-content\/uploads\/sites\/3\/2023\/04\/md31358051181.jpg 150w, https:\/\/www.asociaciongerminal.org\/liburu\/wp-content\/uploads\/sites\/3\/2023\/04\/md31358051181-105x150.jpg 105w\" sizes=\"auto, (max-width: 150px) 100vw, 150px\" \/><\/p>\n<p>Autor\u00eda: Luciano Canfora<\/p>\n<p style=\"text-align: justify;\">\u00abHe aqu\u00ed una reflexi\u00f3n desencantada, pero l\u00facida, sobre los l\u00edmites de la democracia \u00abrealmente existente\u00bb y el actual modelo occidental parlamentario controlado por unas \u00e9lites que pretenden definirlo con un t\u00e9rmino que etimol\u00f3gicamente significa todo lo contrario. En este libro, Luciano Canfora denuncia ese uso arrogante que se hace de la palabra \u00abdemocracia\u00bb y el rechazo hacia cualquier otra forma de organizaci\u00f3n pol\u00edtica que no sea el parlamentarismo tal como hoy se practica, es decir, la compraventa del voto, el mercadeo pol\u00edtico, que constituyen el pilar del sistema. En un recorrido que le lleva de S\u00f3crates a Bush, Canfora afirma que el sistema parlamentario actual no es otra cosa que el triunfo de las \u00e9lites ligadas a la riqueza y el fracaso de las \u00e9lites vinculadas a la ideolog\u00eda, y apela a la raz\u00f3n cr\u00edtica frente al pensamiento \u00fanico y a lo que Gabriel Garc\u00eda M\u00e1rquez ha calificado de \u00abfundamentalismo democr\u00e1tico\u00bb, porque, a pesar de todo, \u00abel mundo tiene cada vez mayor conciencia de la necesidad de igualdad\u00bb.\u00bb<\/p>\n<p>&nbsp;<\/p>\n","protected":false},"excerpt":{"rendered":"<p>Autor\u00eda: Luciano Canfora \u00abHe aqu\u00ed una reflexi\u00f3n desencantada, pero l\u00facida, sobre los l\u00edmites de la democracia \u00abrealmente existente\u00bb y el<\/p>\n","protected":false},"author":3,"featured_media":928,"comment_status":"closed","ping_status":"open","sticky":false,"template":"","format":"standard","meta":{"footnotes":"","_links_to":"","_links_to_target":""},"categories":[18],"tags":[27],"class_list":["post-927","post","type-post","status-publish","format-standard","has-post-thumbnail","hentry","category-politica","tag-libro"],"publishpress_future_action":{"enabled":false,"date":"2026-06-25 18:07:11","action":"category-remove","newStatus":"draft","terms":[29],"taxonomy":"category","extraData":[]},"publishpress_future_workflow_manual_trigger":{"enabledWorkflows":[]},"_links":{"self":[{"href":"https:\/\/www.asociaciongerminal.org\/liburu\/wp-json\/wp\/v2\/posts\/927","targetHints":{"allow":["GET"]}}],"collection":[{"href":"https:\/\/www.asociaciongerminal.org\/liburu\/wp-json\/wp\/v2\/posts"}],"about":[{"href":"https:\/\/www.asociaciongerminal.org\/liburu\/wp-json\/wp\/v2\/types\/post"}],"author":[{"embeddable":true,"href":"https:\/\/www.asociaciongerminal.org\/liburu\/wp-json\/wp\/v2\/users\/3"}],"replies":[{"embeddable":true,"href":"https:\/\/www.asociaciongerminal.org\/liburu\/wp-json\/wp\/v2\/comments?post=927"}],"version-history":[{"count":3,"href":"https:\/\/www.asociaciongerminal.org\/liburu\/wp-json\/wp\/v2\/posts\/927\/revisions"}],"predecessor-version":[{"id":1147,"href":"https:\/\/www.asociaciongerminal.org\/liburu\/wp-json\/wp\/v2\/posts\/927\/revisions\/1147"}],"wp:featuredmedia":[{"embeddable":true,"href":"https:\/\/www.asociaciongerminal.org\/liburu\/wp-json\/wp\/v2\/media\/928"}],"wp:attachment":[{"href":"https:\/\/www.asociaciongerminal.org\/liburu\/wp-json\/wp\/v2\/media?parent=927"}],"wp:term":[{"taxonomy":"category","embeddable":true,"href":"https:\/\/www.asociaciongerminal.org\/liburu\/wp-json\/wp\/v2\/categories?post=927"},{"taxonomy":"post_tag","embeddable":true,"href":"https:\/\/www.asociaciongerminal.org\/liburu\/wp-json\/wp\/v2\/tags?post=927"}],"curies":[{"name":"wp","href":"https:\/\/api.w.org\/{rel}","templated":true}]}}