{"id":945,"date":"2023-02-28T20:37:41","date_gmt":"2023-02-28T20:37:41","guid":{"rendered":"https:\/\/www.asociaciongerminal.org\/liburu\/?p=945"},"modified":"2023-04-12T15:08:06","modified_gmt":"2023-04-12T15:08:06","slug":"cultura-desigualdad-y-reflexividad-la-sociologia-de-pierre-bordieu","status":"publish","type":"post","link":"https:\/\/www.asociaciongerminal.org\/liburu\/archivos\/945","title":{"rendered":"Cultura, desigualdad y reflexividad &#8211; La sociolog\u00eda de Pierre Bordieu"},"content":{"rendered":"<p><img loading=\"lazy\" decoding=\"async\" class=\"alignnone size-full wp-image-1130\" src=\"https:\/\/www.asociaciongerminal.org\/liburu\/wp-content\/uploads\/sites\/3\/2023\/04\/Cultura-igualdad-y-reflexividad-i1n156026.jpg\" width=\"148\" height=\"215\" alt=\"CULTURA, IGUALDAD Y REFLEXIVIDAD - JAVIER NOYA - 9788483191637\" srcset=\"https:\/\/www.asociaciongerminal.org\/liburu\/wp-content\/uploads\/sites\/3\/2023\/04\/Cultura-igualdad-y-reflexividad-i1n156026.jpg 148w, https:\/\/www.asociaciongerminal.org\/liburu\/wp-content\/uploads\/sites\/3\/2023\/04\/Cultura-igualdad-y-reflexividad-i1n156026-103x150.jpg 103w\" sizes=\"auto, (max-width: 148px) 100vw, 148px\" \/><\/p>\n<p>Autor\u00eda: Javier Noya<\/p>\n<p style=\"text-align: justify;\">\u00abPierre Bourdieu es, sin duda alguna, una de las figuras clave de la sociolog\u00eda, y, m\u00e1s en general, del pensamiento contempor\u00e1neo. Conocido inicialmente como soci\u00f3logo de la educaci\u00f3n, cr\u00edtico de la reproducci\u00f3n y la violencia simb\u00f3lica, no podemos olvidar que Bourdieu es una pieza central en la sociolog\u00eda de la cultura y la desigualdad. Esta obra es un homenaje a este soci\u00f3logo que, como ning\u00fan otro, aun\u00f3 las facetas de intelectual cr\u00edtico, pensador te\u00f3rico e investigador emp\u00edrico.<\/p>\n<p style=\"text-align: justify;\">Por orden, de lo general a lo particular, el libro se ha estructurado en tres bloques. En el primero, que trata de los intelectuales, la reflexividad y la teor\u00eda sociol\u00f3gica, Manuel Rodr\u00edguez Caama\u00f1o expone las bases del compromiso cient\u00edfico y pol\u00edtico de Bourdieu; Javier Noya aborda los hallazgos y los l\u00edmites de la sociolog\u00eda reflexiva del autor, y, finalmente, Fernando Garc\u00eda Selgas hace una valoraci\u00f3n de su contribuci\u00f3n a la teor\u00eda social contempor\u00e1nea. En una segunda parte se desarrollan cuestiones relativas a la desigualdad y las clases sociales; en primer lugar, Jos\u00e9 Saturnino Mart\u00ednez aclara los conceptos de clase social y capital en la teor\u00eda de la desigualdad de Bourdieu. A continuaci\u00f3n, centr\u00e1ndose en los aspectos subjetivos de la cuesti\u00f3n, Javier Noya, Manuel Rodr\u00edguez Caama\u00f1o y Miguel V\u00e1zquez Ferreira ilustran emp\u00edrica y comparativamente los argumentos de Bourdieu sobre la percepci\u00f3n de la estructura social y el alcance del desconocimiento que la envuelve. En un \u00faltimo bloque se aborda la que, con la sociolog\u00eda de la educaci\u00f3n, quiz\u00e1 sea su faceta m\u00e1s conocida: la sociolog\u00eda de la cultura, el arte y el consumo; Luis Enrique Alonso se centra en los fundamentos y los problemas de la sociolog\u00eda del consumo y los estilos de vida de Bourdieu e Igor Sadaba, con el arte como eje central, rastrea el tr\u00e1nsito desde la est\u00e9tica kantiana al an\u00e1lisis de las bases sociales del gusto. Finalmente, Rafael Garc\u00eda Alonso ilustra con una obra literaria las estrategias de\u00bb<\/p>\n<p>(Sinopsis en https:\/\/www.casadellibro.com)<\/p>\n","protected":false},"excerpt":{"rendered":"<p>Autor\u00eda: Javier Noya \u00abPierre Bourdieu es, sin duda alguna, una de las figuras clave de la sociolog\u00eda, y, m\u00e1s en<\/p>\n","protected":false},"author":3,"featured_media":946,"comment_status":"closed","ping_status":"open","sticky":false,"template":"","format":"standard","meta":{"footnotes":"","_links_to":"","_links_to_target":""},"categories":[25],"tags":[27],"class_list":["post-945","post","type-post","status-publish","format-standard","has-post-thumbnail","hentry","category-sociologia","tag-libro"],"publishpress_future_action":{"enabled":false,"date":"2026-06-23 05:06:27","action":"category-remove","newStatus":"draft","terms":[29],"taxonomy":"category","extraData":[]},"publishpress_future_workflow_manual_trigger":{"enabledWorkflows":[]},"_links":{"self":[{"href":"https:\/\/www.asociaciongerminal.org\/liburu\/wp-json\/wp\/v2\/posts\/945","targetHints":{"allow":["GET"]}}],"collection":[{"href":"https:\/\/www.asociaciongerminal.org\/liburu\/wp-json\/wp\/v2\/posts"}],"about":[{"href":"https:\/\/www.asociaciongerminal.org\/liburu\/wp-json\/wp\/v2\/types\/post"}],"author":[{"embeddable":true,"href":"https:\/\/www.asociaciongerminal.org\/liburu\/wp-json\/wp\/v2\/users\/3"}],"replies":[{"embeddable":true,"href":"https:\/\/www.asociaciongerminal.org\/liburu\/wp-json\/wp\/v2\/comments?post=945"}],"version-history":[{"count":3,"href":"https:\/\/www.asociaciongerminal.org\/liburu\/wp-json\/wp\/v2\/posts\/945\/revisions"}],"predecessor-version":[{"id":1131,"href":"https:\/\/www.asociaciongerminal.org\/liburu\/wp-json\/wp\/v2\/posts\/945\/revisions\/1131"}],"wp:featuredmedia":[{"embeddable":true,"href":"https:\/\/www.asociaciongerminal.org\/liburu\/wp-json\/wp\/v2\/media\/946"}],"wp:attachment":[{"href":"https:\/\/www.asociaciongerminal.org\/liburu\/wp-json\/wp\/v2\/media?parent=945"}],"wp:term":[{"taxonomy":"category","embeddable":true,"href":"https:\/\/www.asociaciongerminal.org\/liburu\/wp-json\/wp\/v2\/categories?post=945"},{"taxonomy":"post_tag","embeddable":true,"href":"https:\/\/www.asociaciongerminal.org\/liburu\/wp-json\/wp\/v2\/tags?post=945"}],"curies":[{"name":"wp","href":"https:\/\/api.w.org\/{rel}","templated":true}]}}