{"id":954,"date":"2023-02-28T20:40:04","date_gmt":"2023-02-28T20:40:04","guid":{"rendered":"https:\/\/www.asociaciongerminal.org\/liburu\/?p=954"},"modified":"2023-04-12T15:04:06","modified_gmt":"2023-04-12T15:04:06","slug":"de-lagrimas-y-de-santos","status":"publish","type":"post","link":"https:\/\/www.asociaciongerminal.org\/liburu\/archivos\/954","title":{"rendered":"De l\u00e1grimas y de santos"},"content":{"rendered":"<p><img loading=\"lazy\" decoding=\"async\" class=\"alignnone size-full wp-image-1125\" src=\"https:\/\/www.asociaciongerminal.org\/liburu\/wp-content\/uploads\/sites\/3\/2023\/04\/414klzRVD7L._AC_SY780_.jpg\" width=\"142\" height=\"215\" alt=\"Amazon.com: De Lagrimas Y De Santos (Spanish Edition): 9788472231009: Cioran, Emil: Libros\" srcset=\"https:\/\/www.asociaciongerminal.org\/liburu\/wp-content\/uploads\/sites\/3\/2023\/04\/414klzRVD7L._AC_SY780_.jpg 142w, https:\/\/www.asociaciongerminal.org\/liburu\/wp-content\/uploads\/sites\/3\/2023\/04\/414klzRVD7L._AC_SY780_-99x150.jpg 99w\" sizes=\"auto, (max-width: 142px) 100vw, 142px\" \/><\/p>\n<p>Autor\u00eda: E.M. Cioran<\/p>\n<p style=\"text-align: justify;\">\u00abPublicado por primera vez en 1937, a\u00f1o de su llegada a Par\u00eds, este cuarto ensayo de E.M Cioran (1911-1995) nos permite descubrir en qu\u00e9 medida sus obsesiones y sus pasiones continuaron siendo las mismas y qu\u00e9 cambios se produjeron en el pensamiento del autor con el paso de los a\u00f1os.<\/p>\n<p style=\"text-align: justify;\">Una pasi\u00f3n m\u00edstica en un mundo sin Dios. O, en palabras del propio Cioran, \u00abla pasi\u00f3n de lo absoluto en un alma esc\u00e9ptica\u00bb : tal es la paradoja existencial sobre la que rondan en permanente asedio los aforismos reunidos en este volumen. Constantemente, la santidad y la m\u00edstica aparecen en estas p\u00e1ginas como emblemas de una actitud vital situada en las ant\u00edpodas del hombre moderno, quien ha convertido en sentimiento tr\u00e1gico esa indiferencia hacia el devenir humano a trav\u00e9s de la cual santos y m\u00edsticos se fundieron en la divinidad.<\/p>\n<p style=\"text-align: justify;\">Por otra parte -y no pod\u00eda ser de otro modo- en este libro m\u00e1s que en ning\u00fan otro de Cioran explaya su fascinaci\u00f3n por Espa\u00f1a, por su paisaje y por su arte, por su tradici\u00f3n espiritual. \u00abEl m\u00e9rito de Espa\u00f1a\u00bb, escribe, \u00abha consistido no s\u00f3lo en haber cultivado lo excesivo y lo insensato, sino tambi\u00e9n en haber demostrado que el v\u00e9rtigo es el clima normal del hombre que ha suprimido la distancia entre el cielo y la tierra.\u00bb\u00bb<\/p>\n<p>(Sinopsis en https:\/\/www.todostuslibros.com)<\/p>\n","protected":false},"excerpt":{"rendered":"<p>Autor\u00eda: E.M. Cioran \u00abPublicado por primera vez en 1937, a\u00f1o de su llegada a Par\u00eds, este cuarto ensayo de E.M<\/p>\n","protected":false},"author":3,"featured_media":955,"comment_status":"closed","ping_status":"open","sticky":false,"template":"","format":"standard","meta":{"footnotes":"","_links_to":"","_links_to_target":""},"categories":[21],"tags":[27],"class_list":["post-954","post","type-post","status-publish","format-standard","has-post-thumbnail","hentry","category-religion","tag-libro"],"publishpress_future_action":{"enabled":false,"date":"2026-06-26 22:19:41","action":"category-remove","newStatus":"draft","terms":[29],"taxonomy":"category","extraData":[]},"publishpress_future_workflow_manual_trigger":{"enabledWorkflows":[]},"_links":{"self":[{"href":"https:\/\/www.asociaciongerminal.org\/liburu\/wp-json\/wp\/v2\/posts\/954","targetHints":{"allow":["GET"]}}],"collection":[{"href":"https:\/\/www.asociaciongerminal.org\/liburu\/wp-json\/wp\/v2\/posts"}],"about":[{"href":"https:\/\/www.asociaciongerminal.org\/liburu\/wp-json\/wp\/v2\/types\/post"}],"author":[{"embeddable":true,"href":"https:\/\/www.asociaciongerminal.org\/liburu\/wp-json\/wp\/v2\/users\/3"}],"replies":[{"embeddable":true,"href":"https:\/\/www.asociaciongerminal.org\/liburu\/wp-json\/wp\/v2\/comments?post=954"}],"version-history":[{"count":3,"href":"https:\/\/www.asociaciongerminal.org\/liburu\/wp-json\/wp\/v2\/posts\/954\/revisions"}],"predecessor-version":[{"id":1126,"href":"https:\/\/www.asociaciongerminal.org\/liburu\/wp-json\/wp\/v2\/posts\/954\/revisions\/1126"}],"wp:featuredmedia":[{"embeddable":true,"href":"https:\/\/www.asociaciongerminal.org\/liburu\/wp-json\/wp\/v2\/media\/955"}],"wp:attachment":[{"href":"https:\/\/www.asociaciongerminal.org\/liburu\/wp-json\/wp\/v2\/media?parent=954"}],"wp:term":[{"taxonomy":"category","embeddable":true,"href":"https:\/\/www.asociaciongerminal.org\/liburu\/wp-json\/wp\/v2\/categories?post=954"},{"taxonomy":"post_tag","embeddable":true,"href":"https:\/\/www.asociaciongerminal.org\/liburu\/wp-json\/wp\/v2\/tags?post=954"}],"curies":[{"name":"wp","href":"https:\/\/api.w.org\/{rel}","templated":true}]}}