{"id":975,"date":"2023-02-28T20:43:36","date_gmt":"2023-02-28T20:43:36","guid":{"rendered":"https:\/\/www.asociaciongerminal.org\/liburu\/?p=975"},"modified":"2023-04-12T11:43:48","modified_gmt":"2023-04-12T11:43:48","slug":"ecologia-y-politica","status":"publish","type":"post","link":"https:\/\/www.asociaciongerminal.org\/liburu\/archivos\/975","title":{"rendered":"Ecolog\u00eda y Pol\u00edtica"},"content":{"rendered":"<p><img loading=\"lazy\" decoding=\"async\" class=\"alignnone size-full wp-image-1104\" src=\"https:\/\/www.asociaciongerminal.org\/liburu\/wp-content\/uploads\/sites\/3\/2023\/04\/91tp7TNXOfL.jpg\" width=\"150\" height=\"215\" alt=\"Andre Gorz: ECOLOG\u00cdA Y POL\u00cdTICA (Barcelona, 1980) : Gorz, Andr\u00e9\/Bosquet (trad), Michel: Amazon.es: Libros\" srcset=\"https:\/\/www.asociaciongerminal.org\/liburu\/wp-content\/uploads\/sites\/3\/2023\/04\/91tp7TNXOfL.jpg 150w, https:\/\/www.asociaciongerminal.org\/liburu\/wp-content\/uploads\/sites\/3\/2023\/04\/91tp7TNXOfL-105x150.jpg 105w\" sizes=\"auto, (max-width: 150px) 100vw, 150px\" \/><\/p>\n<p>Autor\u00eda: Andr\u00e9 Gorz<\/p>\n<p style=\"text-align: justify;\">\u00abUn texto para subvertir la relaci\u00f3n de los individuos con el consumo, con la naturaleza, con la pol\u00edtica, con su cuerpo\u00bb<\/p>\n","protected":false},"excerpt":{"rendered":"<p>Autor\u00eda: Andr\u00e9 Gorz \u00abUn texto para subvertir la relaci\u00f3n de los individuos con el consumo, con la naturaleza, con la<\/p>\n","protected":false},"author":3,"featured_media":976,"comment_status":"closed","ping_status":"open","sticky":false,"template":"","format":"standard","meta":{"footnotes":"","_links_to":"","_links_to_target":""},"categories":[9],"tags":[27],"class_list":["post-975","post","type-post","status-publish","format-standard","has-post-thumbnail","hentry","category-ecologia","tag-libro"],"publishpress_future_action":{"enabled":false,"date":"2026-06-25 15:31:03","action":"category-remove","newStatus":"draft","terms":[29],"taxonomy":"category","extraData":[]},"publishpress_future_workflow_manual_trigger":{"enabledWorkflows":[]},"_links":{"self":[{"href":"https:\/\/www.asociaciongerminal.org\/liburu\/wp-json\/wp\/v2\/posts\/975","targetHints":{"allow":["GET"]}}],"collection":[{"href":"https:\/\/www.asociaciongerminal.org\/liburu\/wp-json\/wp\/v2\/posts"}],"about":[{"href":"https:\/\/www.asociaciongerminal.org\/liburu\/wp-json\/wp\/v2\/types\/post"}],"author":[{"embeddable":true,"href":"https:\/\/www.asociaciongerminal.org\/liburu\/wp-json\/wp\/v2\/users\/3"}],"replies":[{"embeddable":true,"href":"https:\/\/www.asociaciongerminal.org\/liburu\/wp-json\/wp\/v2\/comments?post=975"}],"version-history":[{"count":2,"href":"https:\/\/www.asociaciongerminal.org\/liburu\/wp-json\/wp\/v2\/posts\/975\/revisions"}],"predecessor-version":[{"id":1105,"href":"https:\/\/www.asociaciongerminal.org\/liburu\/wp-json\/wp\/v2\/posts\/975\/revisions\/1105"}],"wp:featuredmedia":[{"embeddable":true,"href":"https:\/\/www.asociaciongerminal.org\/liburu\/wp-json\/wp\/v2\/media\/976"}],"wp:attachment":[{"href":"https:\/\/www.asociaciongerminal.org\/liburu\/wp-json\/wp\/v2\/media?parent=975"}],"wp:term":[{"taxonomy":"category","embeddable":true,"href":"https:\/\/www.asociaciongerminal.org\/liburu\/wp-json\/wp\/v2\/categories?post=975"},{"taxonomy":"post_tag","embeddable":true,"href":"https:\/\/www.asociaciongerminal.org\/liburu\/wp-json\/wp\/v2\/tags?post=975"}],"curies":[{"name":"wp","href":"https:\/\/api.w.org\/{rel}","templated":true}]}}