{"id":98,"date":"2023-01-22T10:31:56","date_gmt":"2023-01-22T10:31:56","guid":{"rendered":"https:\/\/www.asociaciongerminal.org\/liburu\/?p=98"},"modified":"2023-04-21T16:02:01","modified_gmt":"2023-04-21T16:02:01","slug":"historia-del-suicidio-en-occidente","status":"publish","type":"post","link":"https:\/\/www.asociaciongerminal.org\/liburu\/archivos\/98","title":{"rendered":"Historia del suicidio en Occidente"},"content":{"rendered":"<p>Autor\u00eda: Ram\u00f3n Andr\u00e9s<\/p>\n<p><img loading=\"lazy\" decoding=\"async\" class=\"alignnone size-full wp-image-1682\" src=\"https:\/\/www.asociaciongerminal.org\/liburu\/wp-content\/uploads\/sites\/3\/2023\/04\/9788416011674.jpg\" width=\"136\" height=\"215\" alt=\"SEMPER DOLENS: HISTORIA DEL SUICIDIO EN OCCIDENTE | RAMON ANDRES | Casa del Libro\" srcset=\"https:\/\/www.asociaciongerminal.org\/liburu\/wp-content\/uploads\/sites\/3\/2023\/04\/9788416011674.jpg 136w, https:\/\/www.asociaciongerminal.org\/liburu\/wp-content\/uploads\/sites\/3\/2023\/04\/9788416011674-95x150.jpg 95w\" sizes=\"auto, (max-width: 136px) 100vw, 136px\" \/><\/p>\n<p style=\"text-align: justify;\">\u00abEl suicidio, concebido durante muchos siglos, en la estela del pensamiento cl\u00e1sico, como un ejercicio de libertad, e incluso como una liberaci\u00f3n, queda reducido, a la luz de la psiquiatr\u00eda de las \u00faltimas d\u00e9cadas, a la mera patolog\u00eda mental. Sin embargo, tal reducci\u00f3n supone la simplificaci\u00f3n de uno de los aspectos m\u00e1s decisivos de la experiencia humana: el dolor. Este extraordinario ensayo da cuenta, con delicadeza y hondura, de nuestra condici\u00f3n como seres humanos; de las distintas formas de nuestra fragilidad.\u00bb<\/p>\n<p>(Sinopsis en www.casadellibro.com)<\/p>\n","protected":false},"excerpt":{"rendered":"<p>Autor\u00eda: Ram\u00f3n Andr\u00e9s \u00abEl suicidio, concebido durante muchos siglos, en la estela del pensamiento cl\u00e1sico, como un ejercicio de libertad,<\/p>\n","protected":false},"author":3,"featured_media":99,"comment_status":"closed","ping_status":"open","sticky":false,"template":"","format":"standard","meta":{"footnotes":"","_links_to":"","_links_to_target":""},"categories":[25],"tags":[27],"class_list":["post-98","post","type-post","status-publish","format-standard","has-post-thumbnail","hentry","category-sociologia","tag-libro"],"publishpress_future_action":{"enabled":false,"date":"2026-06-23 08:29:11","action":"category-remove","newStatus":"draft","terms":[29],"taxonomy":"category","extraData":[]},"publishpress_future_workflow_manual_trigger":{"enabledWorkflows":[]},"_links":{"self":[{"href":"https:\/\/www.asociaciongerminal.org\/liburu\/wp-json\/wp\/v2\/posts\/98","targetHints":{"allow":["GET"]}}],"collection":[{"href":"https:\/\/www.asociaciongerminal.org\/liburu\/wp-json\/wp\/v2\/posts"}],"about":[{"href":"https:\/\/www.asociaciongerminal.org\/liburu\/wp-json\/wp\/v2\/types\/post"}],"author":[{"embeddable":true,"href":"https:\/\/www.asociaciongerminal.org\/liburu\/wp-json\/wp\/v2\/users\/3"}],"replies":[{"embeddable":true,"href":"https:\/\/www.asociaciongerminal.org\/liburu\/wp-json\/wp\/v2\/comments?post=98"}],"version-history":[{"count":2,"href":"https:\/\/www.asociaciongerminal.org\/liburu\/wp-json\/wp\/v2\/posts\/98\/revisions"}],"predecessor-version":[{"id":1683,"href":"https:\/\/www.asociaciongerminal.org\/liburu\/wp-json\/wp\/v2\/posts\/98\/revisions\/1683"}],"wp:featuredmedia":[{"embeddable":true,"href":"https:\/\/www.asociaciongerminal.org\/liburu\/wp-json\/wp\/v2\/media\/99"}],"wp:attachment":[{"href":"https:\/\/www.asociaciongerminal.org\/liburu\/wp-json\/wp\/v2\/media?parent=98"}],"wp:term":[{"taxonomy":"category","embeddable":true,"href":"https:\/\/www.asociaciongerminal.org\/liburu\/wp-json\/wp\/v2\/categories?post=98"},{"taxonomy":"post_tag","embeddable":true,"href":"https:\/\/www.asociaciongerminal.org\/liburu\/wp-json\/wp\/v2\/tags?post=98"}],"curies":[{"name":"wp","href":"https:\/\/api.w.org\/{rel}","templated":true}]}}