{"id":992,"date":"2023-02-28T20:46:31","date_gmt":"2023-02-28T20:46:31","guid":{"rendered":"https:\/\/www.asociaciongerminal.org\/liburu\/?p=992"},"modified":"2023-04-12T09:14:12","modified_gmt":"2023-04-12T09:14:12","slug":"el-anarquismo-en-la-sociedad-de-consumo","status":"publish","type":"post","link":"https:\/\/www.asociaciongerminal.org\/liburu\/archivos\/992","title":{"rendered":"El anarquismo en la sociedad de consumo"},"content":{"rendered":"<p><img loading=\"lazy\" decoding=\"async\" class=\"alignnone size-full wp-image-1099\" src=\"https:\/\/www.asociaciongerminal.org\/liburu\/wp-content\/uploads\/sites\/3\/2023\/04\/1957.jpg\" width=\"140\" height=\"215\" alt=\"Editorial Kair\u00f3s: El anarquismo en la sociedad de consumo\" srcset=\"https:\/\/www.asociaciongerminal.org\/liburu\/wp-content\/uploads\/sites\/3\/2023\/04\/1957.jpg 140w, https:\/\/www.asociaciongerminal.org\/liburu\/wp-content\/uploads\/sites\/3\/2023\/04\/1957-98x150.jpg 98w\" sizes=\"auto, (max-width: 140px) 100vw, 140px\" \/><\/p>\n<p>Autor\u00eda: Murray Bookchin<\/p>\n<p style=\"text-align: justify;\">\u00abEN 100 PALABRAS: Bookchin nos habla de las posibilidades revolucionarias que ofrece la tecnolog\u00eda moderna para que unidas con las ideas ecol\u00f3gicas y la protesta contracultural (como se llamaba en los a\u00f1os 70\u2019) se pueda conseguir la liberaci\u00f3n personal y establecer relaciones interpersonales directas. Apoyandose en los resultados de los an\u00e1lisis de la \u00e9poca ve de esta manera posible la teor\u00eda libertaria del cambio social.\u00bb<\/p>\n<p>(Sinopsis en https:\/\/cgtmurcia.org)<\/p>\n","protected":false},"excerpt":{"rendered":"<p>Autor\u00eda: Murray Bookchin \u00abEN 100 PALABRAS: Bookchin nos habla de las posibilidades revolucionarias que ofrece la tecnolog\u00eda moderna para que<\/p>\n","protected":false},"author":3,"featured_media":993,"comment_status":"closed","ping_status":"open","sticky":false,"template":"","format":"standard","meta":{"footnotes":"","_links_to":"","_links_to_target":""},"categories":[3],"tags":[27],"class_list":["post-992","post","type-post","status-publish","format-standard","has-post-thumbnail","hentry","category-anarquismo","tag-libro"],"publishpress_future_action":{"enabled":false,"date":"2026-06-22 15:11:33","action":"category-remove","newStatus":"draft","terms":[29],"taxonomy":"category","extraData":[]},"publishpress_future_workflow_manual_trigger":{"enabledWorkflows":[]},"_links":{"self":[{"href":"https:\/\/www.asociaciongerminal.org\/liburu\/wp-json\/wp\/v2\/posts\/992","targetHints":{"allow":["GET"]}}],"collection":[{"href":"https:\/\/www.asociaciongerminal.org\/liburu\/wp-json\/wp\/v2\/posts"}],"about":[{"href":"https:\/\/www.asociaciongerminal.org\/liburu\/wp-json\/wp\/v2\/types\/post"}],"author":[{"embeddable":true,"href":"https:\/\/www.asociaciongerminal.org\/liburu\/wp-json\/wp\/v2\/users\/3"}],"replies":[{"embeddable":true,"href":"https:\/\/www.asociaciongerminal.org\/liburu\/wp-json\/wp\/v2\/comments?post=992"}],"version-history":[{"count":2,"href":"https:\/\/www.asociaciongerminal.org\/liburu\/wp-json\/wp\/v2\/posts\/992\/revisions"}],"predecessor-version":[{"id":1100,"href":"https:\/\/www.asociaciongerminal.org\/liburu\/wp-json\/wp\/v2\/posts\/992\/revisions\/1100"}],"wp:featuredmedia":[{"embeddable":true,"href":"https:\/\/www.asociaciongerminal.org\/liburu\/wp-json\/wp\/v2\/media\/993"}],"wp:attachment":[{"href":"https:\/\/www.asociaciongerminal.org\/liburu\/wp-json\/wp\/v2\/media?parent=992"}],"wp:term":[{"taxonomy":"category","embeddable":true,"href":"https:\/\/www.asociaciongerminal.org\/liburu\/wp-json\/wp\/v2\/categories?post=992"},{"taxonomy":"post_tag","embeddable":true,"href":"https:\/\/www.asociaciongerminal.org\/liburu\/wp-json\/wp\/v2\/tags?post=992"}],"curies":[{"name":"wp","href":"https:\/\/api.w.org\/{rel}","templated":true}]}}